{"id":159260,"date":"2026-04-09T10:25:54","date_gmt":"2026-04-09T13:25:54","guid":{"rendered":"https:\/\/vinasfm.com\/noticias\/?p=159260"},"modified":"2026-04-10T09:31:55","modified_gmt":"2026-04-10T12:31:55","slug":"inseguridad-robaror-nuevamente-una-bicicleta-en-la-madrugada-del-jueves","status":"publish","type":"post","link":"https:\/\/vinasfm.com\/noticias\/inseguridad-robaror-nuevamente-una-bicicleta-en-la-madrugada-del-jueves\/","title":{"rendered":"INSEGURIDAD: ROBARON NUEVAMENTE UNA BICICLETA EN LA MADRUGADA DEL JUEVES"},"content":{"rendered":"<h4>Un nuevo hecho de inseguridad se registr\u00f3 en la madrugada de este jueves en Real del Padre donde una mujer denunci\u00f3 el robo de su bicicleta en la v\u00eda p\u00fablica.<\/h4>\n<p>El episodio ocurri\u00f3 cerca de las 03:20 hs en la intersecci\u00f3n de calles C\u00f3rdoba y Tierra del Fuego.<\/p>\n<p>Seg\u00fan inform\u00f3 la v\u00edctima, identificada como <strong>N.G.M<\/strong>. (45), hab\u00eda dejado el rodado sin medidas de seguridad, apoyado sobre la pared exterior de una cancha de p\u00e1del ubicada en la zona.<\/p>\n<p>Al retirarse del lugar, la mujer constat\u00f3 que la bicicleta ya no se encontraba, por lo que dio aviso a las autoridades.<\/p>\n<p>En el caso intervino personal de la Comisar\u00eda 26\u00b0 y tom\u00f3 conocimiento la Oficina Fiscal de jurisdicci\u00f3n, que lleva adelante las actuaciones correspondientes para esclarecer el hecho.<\/p>\n","protected":false},"excerpt":{"rendered":"<p>Un nuevo hecho de inseguridad se registr\u00f3 en la madrugada de este jueves en Real del Padre donde una mujer denunci\u00f3 &#8230;<\/p>\n","protected":false},"author":7,"featured_media":146551,"comment_status":"open","ping_status":"open","sticky":false,"template":"","format":"standard","meta":{"footnotes":""},"categories":[5,4],"tags":[],"class_list":["post-159260","post","type-post","status-publish","format-standard","has-post-thumbnail","hentry","category-actualidad","category-policiales"],"_links":{"self":[{"href":"https:\/\/vinasfm.com\/noticias\/wp-json\/wp\/v2\/posts\/159260","targetHints":{"allow":["GET"]}}],"collection":[{"href":"https:\/\/vinasfm.com\/noticias\/wp-json\/wp\/v2\/posts"}],"about":[{"href":"https:\/\/vinasfm.com\/noticias\/wp-json\/wp\/v2\/types\/post"}],"author":[{"embeddable":true,"href":"https:\/\/vinasfm.com\/noticias\/wp-json\/wp\/v2\/users\/7"}],"replies":[{"embeddable":true,"href":"https:\/\/vinasfm.com\/noticias\/wp-json\/wp\/v2\/comments?post=159260"}],"version-history":[{"count":4,"href":"https:\/\/vinasfm.com\/noticias\/wp-json\/wp\/v2\/posts\/159260\/revisions"}],"predecessor-version":[{"id":159268,"href":"https:\/\/vinasfm.com\/noticias\/wp-json\/wp\/v2\/posts\/159260\/revisions\/159268"}],"wp:featuredmedia":[{"embeddable":true,"href":"https:\/\/vinasfm.com\/noticias\/wp-json\/wp\/v2\/media\/146551"}],"wp:attachment":[{"href":"https:\/\/vinasfm.com\/noticias\/wp-json\/wp\/v2\/media?parent=159260"}],"wp:term":[{"taxonomy":"category","embeddable":true,"href":"https:\/\/vinasfm.com\/noticias\/wp-json\/wp\/v2\/categories?post=159260"},{"taxonomy":"post_tag","embeddable":true,"href":"https:\/\/vinasfm.com\/noticias\/wp-json\/wp\/v2\/tags?post=159260"}],"curies":[{"name":"wp","href":"https:\/\/api.w.org\/{rel}","templated":true}]}}