{"id":159252,"date":"2026-04-09T08:49:01","date_gmt":"2026-04-09T11:49:01","guid":{"rendered":"https:\/\/vinasfm.com\/noticias\/?p=159252"},"modified":"2026-04-10T08:52:07","modified_gmt":"2026-04-10T11:52:07","slug":"tomas-moyano-se-quedo-con-el-prologo-de-la-vuelta-ciclistica-de-general-alvear","status":"publish","type":"post","link":"https:\/\/vinasfm.com\/noticias\/tomas-moyano-se-quedo-con-el-prologo-de-la-vuelta-ciclistica-de-general-alvear\/","title":{"rendered":"TOM\u00c1S MOYANO SE QUED\u00d3 CON EL PR\u00d3LOGO DE LA VUELTA CICL\u00cdSTICA DE GENERAL ALVEAR"},"content":{"rendered":"<h4><strong>Anoche inici\u00f3 la edici\u00f3n n\u00famero 26 de la vuelta Cicl\u00edstica de General Alvear con la disputa del pr\u00f3logo Gran Premio Di Paolo Maderas. La prueba, que tendr\u00e1 cuatro etapas m\u00e1s, reuni\u00f3 a ciclistas de distintos puntos del pa\u00eds y un importante acompa\u00f1amiento del p\u00fablico.<\/strong><\/h4>\n<p>El ganador del pr\u00f3logo fue Tom\u00e1s Moyano, representante de San Luis, quien logr\u00f3 imponerse en el inicio de la competencia.<\/p>\n<p>La Vuelta Cicl\u00edstica continuar\u00e1 hoy con la primera etapa, \u00abGran premio VM Plast\u00bb desde las 15 horas.<\/p>\n","protected":false},"excerpt":{"rendered":"<p>Anoche inici\u00f3 la edici\u00f3n n\u00famero 26 de la vuelta Cicl\u00edstica de General Alvear con la disputa del pr\u00f3logo Gran Premio Di &#8230;<\/p>\n","protected":false},"author":7,"featured_media":159253,"comment_status":"open","ping_status":"open","sticky":false,"template":"","format":"standard","meta":{"footnotes":""},"categories":[5,3],"tags":[],"class_list":["post-159252","post","type-post","status-publish","format-standard","has-post-thumbnail","hentry","category-actualidad","category-deportes"],"_links":{"self":[{"href":"https:\/\/vinasfm.com\/noticias\/wp-json\/wp\/v2\/posts\/159252","targetHints":{"allow":["GET"]}}],"collection":[{"href":"https:\/\/vinasfm.com\/noticias\/wp-json\/wp\/v2\/posts"}],"about":[{"href":"https:\/\/vinasfm.com\/noticias\/wp-json\/wp\/v2\/types\/post"}],"author":[{"embeddable":true,"href":"https:\/\/vinasfm.com\/noticias\/wp-json\/wp\/v2\/users\/7"}],"replies":[{"embeddable":true,"href":"https:\/\/vinasfm.com\/noticias\/wp-json\/wp\/v2\/comments?post=159252"}],"version-history":[{"count":1,"href":"https:\/\/vinasfm.com\/noticias\/wp-json\/wp\/v2\/posts\/159252\/revisions"}],"predecessor-version":[{"id":159255,"href":"https:\/\/vinasfm.com\/noticias\/wp-json\/wp\/v2\/posts\/159252\/revisions\/159255"}],"wp:featuredmedia":[{"embeddable":true,"href":"https:\/\/vinasfm.com\/noticias\/wp-json\/wp\/v2\/media\/159253"}],"wp:attachment":[{"href":"https:\/\/vinasfm.com\/noticias\/wp-json\/wp\/v2\/media?parent=159252"}],"wp:term":[{"taxonomy":"category","embeddable":true,"href":"https:\/\/vinasfm.com\/noticias\/wp-json\/wp\/v2\/categories?post=159252"},{"taxonomy":"post_tag","embeddable":true,"href":"https:\/\/vinasfm.com\/noticias\/wp-json\/wp\/v2\/tags?post=159252"}],"curies":[{"name":"wp","href":"https:\/\/api.w.org\/{rel}","templated":true}]}}