{"id":159244,"date":"2026-04-08T22:13:44","date_gmt":"2026-04-09T01:13:44","guid":{"rendered":"https:\/\/vinasfm.com\/noticias\/?p=159244"},"modified":"2026-04-09T12:14:39","modified_gmt":"2026-04-09T15:14:39","slug":"se-viene-un-nuevo-certamen-literario-al-departamento","status":"publish","type":"post","link":"https:\/\/vinasfm.com\/noticias\/se-viene-un-nuevo-certamen-literario-al-departamento\/","title":{"rendered":"SE VIENE UN NUEVO CERTAMEN LITERARIO AL DEPARTAMENTO"},"content":{"rendered":"<h4><strong>Gabriela Chiapa brind\u00f3 detalles sobre el certamen literario, una convocatoria que busca fomentar la lectura y la escritura en el departamento y acompa\u00f1ar a escritores locales en la creaci\u00f3n y presentaci\u00f3n de sus obras.<\/strong><\/h4>\n<p>El certamen contempla las categor\u00edas novela, libro de cuentos, poes\u00eda e infantil-juvenil, y tiene como premio la edici\u00f3n de un libro para los ganadores de cada categor\u00eda. La convocatoria cierra el 15 de abril.<\/p>\n<p>Adem\u00e1s, Chiapa adelant\u00f3 que presentar\u00e1 su libro: <strong><span style=\"color: #800080;\">\u00abCiudad de Condenados\u00bb<\/span><\/strong> en la Feria del Libro de Buenos Aires, que se desarrollar\u00e1 del 23 de abril al 11 de mayo, donde representar\u00e1 a General Alvear con su obra.<\/p>\n","protected":false},"excerpt":{"rendered":"<p>Gabriela Chiapa brind\u00f3 detalles sobre el certamen literario, una convocatoria que busca fomentar la lectura y la escritura en el departamento &#8230;<\/p>\n","protected":false},"author":7,"featured_media":10370,"comment_status":"open","ping_status":"open","sticky":false,"template":"","format":"standard","meta":{"footnotes":""},"categories":[5,19],"tags":[],"class_list":["post-159244","post","type-post","status-publish","format-standard","has-post-thumbnail","hentry","category-actualidad","category-cultura"],"_links":{"self":[{"href":"https:\/\/vinasfm.com\/noticias\/wp-json\/wp\/v2\/posts\/159244","targetHints":{"allow":["GET"]}}],"collection":[{"href":"https:\/\/vinasfm.com\/noticias\/wp-json\/wp\/v2\/posts"}],"about":[{"href":"https:\/\/vinasfm.com\/noticias\/wp-json\/wp\/v2\/types\/post"}],"author":[{"embeddable":true,"href":"https:\/\/vinasfm.com\/noticias\/wp-json\/wp\/v2\/users\/7"}],"replies":[{"embeddable":true,"href":"https:\/\/vinasfm.com\/noticias\/wp-json\/wp\/v2\/comments?post=159244"}],"version-history":[{"count":1,"href":"https:\/\/vinasfm.com\/noticias\/wp-json\/wp\/v2\/posts\/159244\/revisions"}],"predecessor-version":[{"id":159246,"href":"https:\/\/vinasfm.com\/noticias\/wp-json\/wp\/v2\/posts\/159244\/revisions\/159246"}],"wp:featuredmedia":[{"embeddable":true,"href":"https:\/\/vinasfm.com\/noticias\/wp-json\/wp\/v2\/media\/10370"}],"wp:attachment":[{"href":"https:\/\/vinasfm.com\/noticias\/wp-json\/wp\/v2\/media?parent=159244"}],"wp:term":[{"taxonomy":"category","embeddable":true,"href":"https:\/\/vinasfm.com\/noticias\/wp-json\/wp\/v2\/categories?post=159244"},{"taxonomy":"post_tag","embeddable":true,"href":"https:\/\/vinasfm.com\/noticias\/wp-json\/wp\/v2\/tags?post=159244"}],"curies":[{"name":"wp","href":"https:\/\/api.w.org\/{rel}","templated":true}]}}