{"id":159236,"date":"2026-04-08T10:58:49","date_gmt":"2026-04-08T13:58:49","guid":{"rendered":"https:\/\/vinasfm.com\/noticias\/?p=159236"},"modified":"2026-04-09T09:47:54","modified_gmt":"2026-04-09T12:47:54","slug":"residentes-medicos-2026-cuales-son-las-10-profesiones-que-pujan-por-un-cargo-en-mendoza","status":"publish","type":"post","link":"https:\/\/vinasfm.com\/noticias\/residentes-medicos-2026-cuales-son-las-10-profesiones-que-pujan-por-un-cargo-en-mendoza\/","title":{"rendered":"RESIDENTES M\u00c9DICOS 2026: CU\u00c1LES SON LAS 10 PROFESIONES QUE PUJAN POR UN CARGO EN MENDOZA"},"content":{"rendered":"<h4><strong>El Ministerio de Salud de Mendoza abri\u00f3 el concurso para Residentes m\u00e9dicos 2026. Los interesados tienen tiempo hasta el 24 de abril para inscribirse.<\/strong><\/h4>\n<p>El Ministerio de Salud y Deportes lanz\u00f3 el Concurso de Ingreso para Residentes m\u00e9dicos 2026. La provincia de Mendoza busca cubrir vacantes en hospitales p\u00fablicos y privados, convocando a graduados de varias disciplinas para iniciar su especializaci\u00f3n.<\/p>\n<p>Las inscripciones permanecer\u00e1n abiertas hasta el 24 de abril y el tr\u00e1mite debe realizarse de manera 100% virtual a trav\u00e9s de la plataforma Infosalud.<\/p>\n<article class=\"article-body article-body--second-paragraph\">\n<h2>Residentes m\u00e9dicos: las 10 profesiones en concurso<\/h2>\n<p data-path-to-node=\"6\">A diferencia de otros a\u00f1os,\u00a0<a href=\"https:\/\/www.sitioandino.com.ar\/sociedad\/residentes-medicos-historico-cambio-la-formacion-mayor-experiencia-practica-n5718112\" target=\"_blank\" rel=\"follow noopener\">el llamado actual destaca por su transversalidad, involucrando a una decena de carreras que forman el equipo de salud integral.<\/a>\u00a0Los profesionales que podr\u00e1n pujar por una vacante este a\u00f1o pertenecen a las siguientes \u00e1reas:<\/p>\n<\/article>\n<article class=\"article-body article-body--second-paragraph\">\n<ul>\n<li>\n<p data-path-to-node=\"7,0,0\"><strong data-path-to-node=\"7,0,0\" data-index-in-node=\"0\">Medicina<\/strong>\u00a0(especialidades b\u00e1sicas y post-b\u00e1sicas).<\/p>\n<\/li>\n<li>\n<p data-path-to-node=\"7,1,0\"><strong data-path-to-node=\"7,1,0\" data-index-in-node=\"0\">Enfermer\u00eda<\/strong>\u00a0(Cuidados cr\u00edticos, neonatales y pedi\u00e1tricos).<\/p>\n<\/li>\n<li>\n<p data-path-to-node=\"7,2,0\"><strong data-path-to-node=\"7,2,0\" data-index-in-node=\"0\">Bioqu\u00edmica<\/strong>\u00a0(orientaci\u00f3n cl\u00ednica).<\/p>\n<\/li>\n<li>\n<p data-path-to-node=\"7,3,0\"><strong data-path-to-node=\"7,3,0\" data-index-in-node=\"0\">Psicolog\u00eda<\/strong>\u00a0(Salud mental y comunitaria).<\/p>\n<\/li>\n<li>\n<p data-path-to-node=\"7,4,0\"><strong data-path-to-node=\"7,4,0\" data-index-in-node=\"0\">Trabajo Social<\/strong>.<\/p>\n<\/li>\n<li>\n<p data-path-to-node=\"7,5,0\"><strong data-path-to-node=\"7,5,0\" data-index-in-node=\"0\">Odontolog\u00eda<\/strong>\u00a0(Atenci\u00f3n hospitalaria y pedi\u00e1trica).<\/p>\n<\/li>\n<li>\n<p data-path-to-node=\"7,6,0\"><strong data-path-to-node=\"7,6,0\" data-index-in-node=\"0\">Kinesiolog\u00eda<\/strong>\u00a0(Rehabilitaci\u00f3n y cuidados respiratorios).<\/p>\n<\/li>\n<li>\n<p data-path-to-node=\"7,7,0\"><strong data-path-to-node=\"7,7,0\" data-index-in-node=\"0\">Farmacia<\/strong>.<\/p>\n<\/li>\n<li>\n<p data-path-to-node=\"7,8,0\"><strong data-path-to-node=\"7,8,0\" data-index-in-node=\"0\">Nutrici\u00f3n<\/strong>\u00a0(Cl\u00ednica y comunitaria).<\/p>\n<\/li>\n<li>\n<p data-path-to-node=\"7,9,0\"><strong data-path-to-node=\"7,9,0\" data-index-in-node=\"0\">Fonoaudiolog\u00eda<\/strong>\u00a0(Audiolog\u00eda).<\/p>\n<\/li>\n<\/ul>\n<article class=\"article-body article-body--second-paragraph\">\n<h2>Cronograma y requisitos de acceso<\/h2>\n<p data-path-to-node=\"9\">El proceso de selecci\u00f3n se regir\u00e1 por un estricto orden de m\u00e9rito basado en antecedentes y evaluaciones. Las fechas clave que los aspirantes deben agendar son las siguientes:<\/p>\n<\/article>\n<article class=\"article-body article-body--third-paragraph\">\n<ul data-path-to-node=\"10\">\n<li>\n<p data-path-to-node=\"10,0,0\"><strong data-path-to-node=\"10,0,0\" data-index-in-node=\"0\">Examen escrito:<\/strong>\u00a0se realizar\u00e1 el pr\u00f3ximo\u00a0<strong data-path-to-node=\"10,0,0\" data-index-in-node=\"45\">1 de julio<\/strong>.<\/p>\n<\/li>\n<li>\n<p data-path-to-node=\"10,1,0\"><strong data-path-to-node=\"10,1,0\" data-index-in-node=\"0\">Entrevistas:<\/strong>\u00a0se realizar\u00e1n entre los meses de junio y julio.<\/p>\n<\/li>\n<li>\n<p data-path-to-node=\"10,2,0\"><strong data-path-to-node=\"10,2,0\" data-index-in-node=\"0\">Orden de m\u00e9rito y adjudicaci\u00f3n:<\/strong>\u00a0tendr\u00e1n lugar durante el mes de agosto.<\/p>\n<\/li>\n<li>\n<p data-path-to-node=\"10,3,0\"><strong data-path-to-node=\"10,3,0\" data-index-in-node=\"0\">Inicio de actividades:<\/strong>\u00a0los seleccionados comenzar\u00e1n su formaci\u00f3n el\u00a0<strong data-path-to-node=\"10,3,0\" data-index-in-node=\"68\">1 de septiembre<\/strong>.<\/p>\n<\/li>\n<\/ul>\n<p data-path-to-node=\"11\">En cuanto a los requisitos, se exige tener hasta\u00a0<strong data-path-to-node=\"11\" data-index-in-node=\"49\">45 a\u00f1os de edad<\/strong>, presentar el certificado anal\u00edtico con aplazos incluidos y poseer DNI vigente.<\/p>\n<p data-path-to-node=\"11\">En el caso de<strong>\u00a0profesionales extranjeros,<\/strong>\u00a0se requiere acreditar un m\u00ednimo de dos a\u00f1os de residencia en Mendoza y contar con el documento de identidad permanente.<\/p>\n<h2>Sedes de formaci\u00f3n y especializaci\u00f3n<\/h2>\n<p data-path-to-node=\"13\">Los cargos en disputa se distribuyen en los principales efectores de la provincia, incluyendo hospitales de referencia como el\u00a0<strong data-path-to-node=\"13\" data-index-in-node=\"127\">Central, Lagomaggiore y Notti<\/strong>, adem\u00e1s de centros regionales como el\u00a0<strong data-path-to-node=\"13\" data-index-in-node=\"195\">Schestakow<\/strong>\u00a0(San Rafael) y el\u00a0<strong data-path-to-node=\"13\" data-index-in-node=\"224\">Perrupato<\/strong>\u00a0(San Mart\u00edn). Tambi\u00e9n se incluyen plazas en instituciones privadas de prestigio y organismos como la OSEP y la FUESMEN.<\/p>\n<p data-path-to-node=\"14\">Esta convocatoria representa una oportunidad estrat\u00e9gica para los graduados que buscan consolidar su carrera profesional en un entorno de alta exigencia acad\u00e9mica y asistencial.<\/p>\n<p data-path-to-node=\"16\">Los interesados pueden consultar la resoluci\u00f3n completa y los programas de formaci\u00f3n en el sitio oficial del\u00a0<strong><a href=\"https:\/\/informacionoficial.mendoza.gob.ar\/saludydeportes\/departamento-de-residencias\/\" target=\"_blank\" rel=\"follow noopener\">Departamento de Residencias de Mendoza.<\/a><\/strong><\/p>\n<p data-path-to-node=\"16\">\n<\/article>\n<figure id=\"767787-Libre-939178621_wrap\" class=\"embed_cont type_imagen\" contenteditable=\"false\"><\/figure>\n<\/article>\n","protected":false},"excerpt":{"rendered":"<p>El Ministerio de Salud de Mendoza abri\u00f3 el concurso para Residentes m\u00e9dicos 2026. Los interesados tienen tiempo hasta el 24 de &#8230;<\/p>\n","protected":false},"author":7,"featured_media":130187,"comment_status":"open","ping_status":"open","sticky":false,"template":"","format":"standard","meta":{"footnotes":""},"categories":[5,15],"tags":[],"class_list":["post-159236","post","type-post","status-publish","format-standard","has-post-thumbnail","hentry","category-actualidad","category-salud"],"_links":{"self":[{"href":"https:\/\/vinasfm.com\/noticias\/wp-json\/wp\/v2\/posts\/159236","targetHints":{"allow":["GET"]}}],"collection":[{"href":"https:\/\/vinasfm.com\/noticias\/wp-json\/wp\/v2\/posts"}],"about":[{"href":"https:\/\/vinasfm.com\/noticias\/wp-json\/wp\/v2\/types\/post"}],"author":[{"embeddable":true,"href":"https:\/\/vinasfm.com\/noticias\/wp-json\/wp\/v2\/users\/7"}],"replies":[{"embeddable":true,"href":"https:\/\/vinasfm.com\/noticias\/wp-json\/wp\/v2\/comments?post=159236"}],"version-history":[{"count":1,"href":"https:\/\/vinasfm.com\/noticias\/wp-json\/wp\/v2\/posts\/159236\/revisions"}],"predecessor-version":[{"id":159237,"href":"https:\/\/vinasfm.com\/noticias\/wp-json\/wp\/v2\/posts\/159236\/revisions\/159237"}],"wp:featuredmedia":[{"embeddable":true,"href":"https:\/\/vinasfm.com\/noticias\/wp-json\/wp\/v2\/media\/130187"}],"wp:attachment":[{"href":"https:\/\/vinasfm.com\/noticias\/wp-json\/wp\/v2\/media?parent=159236"}],"wp:term":[{"taxonomy":"category","embeddable":true,"href":"https:\/\/vinasfm.com\/noticias\/wp-json\/wp\/v2\/categories?post=159236"},{"taxonomy":"post_tag","embeddable":true,"href":"https:\/\/vinasfm.com\/noticias\/wp-json\/wp\/v2\/tags?post=159236"}],"curies":[{"name":"wp","href":"https:\/\/api.w.org\/{rel}","templated":true}]}}