{"id":159233,"date":"2026-04-08T10:48:35","date_gmt":"2026-04-08T13:48:35","guid":{"rendered":"https:\/\/vinasfm.com\/noticias\/?p=159233"},"modified":"2026-04-09T09:25:51","modified_gmt":"2026-04-09T12:25:51","slug":"mendoza-crea-un-registro-obligatorio-para-medicos-que-recetan-cannabis-medicinal","status":"publish","type":"post","link":"https:\/\/vinasfm.com\/noticias\/mendoza-crea-un-registro-obligatorio-para-medicos-que-recetan-cannabis-medicinal\/","title":{"rendered":"MENDOZA CREA UN REGISTRO OBLIGATORIO PARA M\u00c9DICOS QUE RECETAN CANNABIS MEDICINAL"},"content":{"rendered":"<h4><strong>La provincia estableci\u00f3 un registro obligatorio para m\u00e9dicos que prescriban cannabis medicinal. Habr\u00e1 requisitos espec\u00edficos, control digital y sanciones.<\/strong><\/h4>\n<article class=\"article-body article-body--first-paragraph\">\n<p data-start=\"287\" data-end=\"679\">El Gobierno de Mendoza avanz\u00f3 en la regulaci\u00f3n del uso medicinal del\u00a0<strong><a href=\"https:\/\/www.sitioandino.com.ar\/cannabis-a6674\" target=\"_blank\" rel=\"follow noopener\">cannabis<\/a><\/strong>\u00a0con una nueva resoluci\u00f3n del Ministerio de Salud y Deportes que crea el\u00a0<em><strong data-start=\"437\" data-end=\"497\">Registro Provincial de M\u00e9dicos Prescriptores de Cannabis<\/strong><\/em>. La medida establece que, a partir de ahora, solo podr\u00e1n indicar estos tratamientos aquellos profesionales que est\u00e9n debidamente inscriptos y autorizados por la autoridad sanitaria.<\/p>\n<\/article>\n<article class=\"article-body article-body--second-paragraph\">\n<p data-start=\"681\" data-end=\"1026\">La decisi\u00f3n oficializada este mi\u00e9rcoles en el Bolet\u00edn Oficial a trav\u00e9s de la\u00a0<strong>Resoluci\u00f3n 526 del Ministerio de Salud y Deportes<\/strong>, se enmarca en la Ley Provincial 9617 y su decreto reglamentario, que ordenan el<strong><a href=\"https:\/\/www.sitioandino.com.ar\/politica\/mendoza-el-boom-del-cannabis-el-potencial-una-industria-que-busca-despegar-n5718953\" target=\"_blank\" rel=\"follow noopener\">\u00a0desarrollo del cannabis medicinal y el c\u00e1\u00f1amo industrial en Mendoza<\/a><\/strong>. En este contexto, la nueva normativa busca dar un paso m\u00e1s:\u00a0<strong data-start=\"902\" data-end=\"976\">regular espec\u00edficamente la pr\u00e1ctica m\u00e9dica vinculada a la prescripci\u00f3n<\/strong>, fijando condiciones, controles y l\u00edmites claros.<\/p>\n<article class=\"article-body article-body--second-paragraph\">\n<h2 data-section-id=\"h0y6gz\" data-start=\"1033\" data-end=\"1088\">Qui\u00e9nes podr\u00e1n recetar cannabis medicinal en Mendoza<\/h2>\n<p data-start=\"1090\" data-end=\"1220\">Uno de los puntos centrales de la resoluci\u00f3n es que la inscripci\u00f3n en el registro ser\u00e1\u00a0<strong data-start=\"1177\" data-end=\"1192\">obligatoria<\/strong>\u00a0para todos los m\u00e9dicos que:<\/p>\n<\/article>\n<article class=\"article-body article-body--second-paragraph\">\n<ul data-start=\"1222\" data-end=\"1376\">\n<li data-section-id=\"19etn0h\" data-start=\"1222\" data-end=\"1282\">indiquen cannabis con fines terap\u00e9uticos o paliativos, o<\/li>\n<li data-section-id=\"94ti7v\" data-start=\"1283\" data-end=\"1376\">se desempe\u00f1en como directores m\u00e9dicos en asociaciones, fundaciones o proyectos vinculados<\/li>\n<\/ul>\n<p data-start=\"1378\" data-end=\"1526\"><span id=\"saysCMSEmphasis3v18suw6okr\" class=\"saysCMSEmphasis\">Esto implica que cualquier profesional que no est\u00e9 inscripto no estar\u00e1 habilitado legalmente para prescribir cannabis medicinal en la provincia.<\/span><\/p>\n<\/article>\n<article class=\"article-body article-body--third-paragraph\">\n<p data-start=\"1528\" data-end=\"1734\">La medida apunta a\u00a0<strong>ordenar una pr\u00e1ctica que ven\u00eda creciendo en los \u00faltimos a\u00f1os<\/strong>, en paralelo al desarrollo de la normativa nacional y provincial, pero con criterios dispares en cuanto a formaci\u00f3n y control.<\/p>\n<h2 data-section-id=\"38tk1c\" data-start=\"1741\" data-end=\"1805\">Requisitos: formaci\u00f3n espec\u00edfica y especialidades habilitadas<\/h2>\n<p data-start=\"1807\" data-end=\"1951\">Para acceder al registro, los m\u00e9dicos deber\u00e1n cumplir con una serie de requisitos que buscan garantizar\u00a0<strong>idoneidad t\u00e9cnica y respaldo cient\u00edfico.<\/strong><\/p>\n<p data-start=\"1953\" data-end=\"1978\">Entre ellos, se destacan:<\/p>\n<ul data-start=\"1980\" data-end=\"2328\">\n<li data-section-id=\"1xmjnx0\" data-start=\"1980\" data-end=\"2035\">contar con matr\u00edcula profesional vigente en Mendoza<\/li>\n<li data-section-id=\"1vjxie7\" data-start=\"2036\" data-end=\"2152\">acreditar formaci\u00f3n espec\u00edfica en farmacolog\u00eda de cannabinoides, salud mental y buenas pr\u00e1cticas de prescripci\u00f3n<\/li>\n<li data-section-id=\"kvdvzx\" data-start=\"2153\" data-end=\"2236\">poseer especialidad en psiquiatr\u00eda, neurolog\u00eda o en dolor y cuidados paliativos<\/li>\n<li data-section-id=\"9k544z\" data-start=\"2237\" data-end=\"2288\">adherir a protocolos y gu\u00edas cl\u00ednicas oficiales<\/li>\n<li data-section-id=\"14k1xob\" data-start=\"2289\" data-end=\"2328\">constituir un domicilio electr\u00f3nico<\/li>\n<\/ul>\n<p data-start=\"2330\" data-end=\"2513\">La normativa tambi\u00e9n deja abierta la posibilidad de que el Ministerio de Salud\u00a0<strong>ampl\u00ede las especialidades habilitadas<\/strong>, en funci\u00f3n de la evoluci\u00f3n del conocimiento m\u00e9dico en la materia.<\/p>\n<h2 data-section-id=\"15e4b7q\" data-start=\"2520\" data-end=\"2558\">C\u00f3mo ser\u00e1 el proceso de inscripci\u00f3n<\/h2>\n<p data-start=\"2560\" data-end=\"2704\">Los profesionales deber\u00e1n realizar el tr\u00e1mite de manera digital, a trav\u00e9s de una ventanilla \u00fanica, presentando la documentaci\u00f3n correspondiente.<\/p>\n<p data-start=\"2706\" data-end=\"2937\">Luego, el pedido ser\u00e1 evaluado por distintas \u00e1reas t\u00e9cnicas del Ministerio, como el Departamento de Matriculaciones y el \u00e1rea deontol\u00f3gica. Finalmente,<strong>\u00a0la autorizaci\u00f3n ser\u00e1 otorgada mediante resoluci\u00f3n<\/strong>\u00a0del propio ministro de Salud.<\/p>\n<p data-start=\"2939\" data-end=\"3070\">Una vez aprobado, el m\u00e9dico quedar\u00e1 formalmente registrado y habilitado, y esa condici\u00f3n ser\u00e1 asentada en su matr\u00edcula profesional.<\/p>\n<h2 data-section-id=\"rk0u79\" data-start=\"3077\" data-end=\"3138\">Vigencia y renovaci\u00f3n: un permiso con fecha de vencimiento<\/h2>\n<p data-start=\"3140\" data-end=\"3318\">La inscripci\u00f3n en el registro tendr\u00e1 una vigencia de\u00a0<strong data-start=\"3193\" data-end=\"3206\">tres a\u00f1os<\/strong>. Cumplido ese plazo, la autorizaci\u00f3n caducar\u00e1 autom\u00e1ticamente, salvo que el profesional solicite su renovaci\u00f3n.<\/p>\n<p data-start=\"3320\" data-end=\"3497\">Para renovar, deber\u00e1 volver a cumplir con los mismos requisitos exigidos inicialmente, lo que introduce un mecanismo de\u00a0<strong>actualizaci\u00f3n peri\u00f3dica<\/strong>\u00a0de las condiciones profesionales.<\/p>\n<h2 data-section-id=\"2y4jlx\" data-start=\"3504\" data-end=\"3545\">Recetas digitales y control del Estado<\/h2>\n<p data-start=\"3547\" data-end=\"3671\">Otro de los ejes clave de la resoluci\u00f3n es la implementaci\u00f3n de un<strong>\u00a0sistema de control m\u00e1s estricto sobre las prescripciones.<\/strong><\/p>\n<p data-start=\"3673\" data-end=\"3862\">A partir de ahora, el cannabis medicinal deber\u00e1 recetarse exclusivamente a trav\u00e9s de la\u00a0<strong data-start=\"3761\" data-end=\"3798\">Historia de Salud Integrada (HSI)<\/strong>, el sistema digital sanitario. All\u00ed deber\u00e1n quedar registrados:<\/p>\n<ul data-start=\"3864\" data-end=\"3952\">\n<li data-section-id=\"ouwiah\" data-start=\"3864\" data-end=\"3895\">el diagn\u00f3stico del paciente<\/li>\n<li data-section-id=\"18h5z1n\" data-start=\"3896\" data-end=\"3925\">la indicaci\u00f3n terap\u00e9utica<\/li>\n<li data-section-id=\"1unno6p\" data-start=\"3926\" data-end=\"3952\">el seguimiento cl\u00ednico<\/li>\n<\/ul>\n<p data-start=\"3954\" data-end=\"4057\">Adem\u00e1s,\u00a0<strong>la receta deber\u00e1 detallar el tipo de producto, concentraci\u00f3n, dosis y duraci\u00f3n del tratamiento.<\/strong><\/p>\n<p data-start=\"4059\" data-end=\"4236\">Durante un per\u00edodo de transici\u00f3n de seis meses, se permitir\u00e1 el\u00a0<strong>uso de recetas en papel<\/strong>, pero los m\u00e9dicos deber\u00e1n informarlas obligatoriamente al registro para su fiscalizaci\u00f3n.<\/p>\n<h2 data-section-id=\"1meuiuf\" data-start=\"4243\" data-end=\"4264\">Qu\u00e9 est\u00e1 prohibido<\/h2>\n<p data-start=\"4266\" data-end=\"4387\">La resoluci\u00f3n establece<strong>\u00a0l\u00edmites<\/strong>\u00a0claros sobre el uso del cannabis medicinal. En ese sentido, queda expresamente prohibido:<\/p>\n<ul data-start=\"4389\" data-end=\"4586\">\n<li data-section-id=\"gf054m\" data-start=\"4389\" data-end=\"4448\">prescribir cannabis sin un diagn\u00f3stico cl\u00ednico definido<\/li>\n<li data-section-id=\"duhp67\" data-start=\"4449\" data-end=\"4517\">utilizarlo con fines no terap\u00e9uticos o preventivos inespec\u00edficos<\/li>\n<li data-section-id=\"1h02n90\" data-start=\"4518\" data-end=\"4586\">indicar tratamientos fuera de protocolos sin respaldo cient\u00edfico<\/li>\n<\/ul>\n<p data-start=\"4588\" data-end=\"4750\">En los casos en que se utilice en contextos no validados, solo podr\u00e1 hacerse dentro de\u00a0<strong>investigaciones cl\u00ednicas\u00a0<\/strong>aprobadas por comit\u00e9s de \u00e9tica y con aval oficial.<\/p>\n<h2 data-section-id=\"sesju\" data-start=\"4757\" data-end=\"4798\">Sanciones y p\u00e9rdida de la autorizaci\u00f3n<\/h2>\n<p data-start=\"4800\" data-end=\"4930\">El Ministerio de Salud tambi\u00e9n\u00a0<strong>podr\u00e1 cancelar la inscripci\u00f3n<\/strong>\u00a0de los m\u00e9dicos en determinados casos. Entre las causales se incluyen:<\/p>\n<ul data-start=\"4932\" data-end=\"5103\">\n<li data-section-id=\"wk63ti\" data-start=\"4932\" data-end=\"4988\">suspensi\u00f3n o cancelaci\u00f3n de la matr\u00edcula profesional<\/li>\n<li data-section-id=\"10yxdta\" data-start=\"4989\" data-end=\"5031\">incumplimiento de la normativa vigente<\/li>\n<li data-section-id=\"4r7ui9\" data-start=\"5032\" data-end=\"5061\">uso indebido del cannabis<\/li>\n<li data-section-id=\"x26suc\" data-start=\"5062\" data-end=\"5103\">sanciones en el ejercicio profesional<\/li>\n<\/ul>\n<p data-start=\"5105\" data-end=\"5280\">En caso de detectarse alguna de estas situaciones, se proceder\u00e1 a la revocaci\u00f3n de la autorizaci\u00f3n, que quedar\u00e1 registrada tanto en la matr\u00edcula como en el sistema provincial.<\/p>\n<h2 data-section-id=\"wihul6\" data-start=\"5287\" data-end=\"5337\">Monitoreo y trazabilidad: el foco en el control<\/h2>\n<p data-start=\"5339\" data-end=\"5483\">La normativa establece que el Ministerio ejercer\u00e1 un\u00a0<strong>control activo\u00a0<\/strong>sobre las prescripciones a trav\u00e9s de herramientas digitales. Esto permitir\u00e1:<\/p>\n<ul data-start=\"5485\" data-end=\"5613\">\n<li data-section-id=\"1oxml36\" data-start=\"5485\" data-end=\"5513\">analizar patrones de uso<\/li>\n<li data-section-id=\"4fmi0p\" data-start=\"5514\" data-end=\"5552\">detectar desv\u00edos o irregularidades<\/li>\n<li data-section-id=\"13jy2ps\" data-start=\"5553\" data-end=\"5613\">evaluar situaciones que requieran intervenci\u00f3n sanitaria<\/li>\n<\/ul>\n<p data-start=\"5615\" data-end=\"5746\">El objetivo es avanzar hacia un sistema con<strong>\u00a0mayor trazabilidad<\/strong>, donde cada indicaci\u00f3n m\u00e9dica quede registrada y pueda ser auditada.<\/p>\n<p data-start=\"6014\" data-end=\"6194\">Con esta medida, la provincia busca\u00a0<strong data-start=\"6050\" data-end=\"6083\">ordenar el circuito sanitario<\/strong>, garantizar est\u00e1ndares profesionales y evitar pr\u00e1cticas irregulares en un campo que todav\u00eda est\u00e1 en expansi\u00f3n.<\/p>\n<h6 data-start=\"6014\" data-end=\"6194\"><span style=\"color: #0000ff;\">Fuente: Sitio Andino<\/span><\/h6>\n<\/article>\n<\/article>\n<p>&nbsp;<\/p>\n","protected":false},"excerpt":{"rendered":"<p>La provincia estableci\u00f3 un registro obligatorio para m\u00e9dicos que prescriban cannabis medicinal. Habr\u00e1 requisitos espec\u00edficos, control digital y sanciones. El Gobierno &#8230;<\/p>\n","protected":false},"author":7,"featured_media":126362,"comment_status":"open","ping_status":"open","sticky":false,"template":"","format":"standard","meta":{"footnotes":""},"categories":[5,15],"tags":[],"class_list":["post-159233","post","type-post","status-publish","format-standard","has-post-thumbnail","hentry","category-actualidad","category-salud"],"_links":{"self":[{"href":"https:\/\/vinasfm.com\/noticias\/wp-json\/wp\/v2\/posts\/159233","targetHints":{"allow":["GET"]}}],"collection":[{"href":"https:\/\/vinasfm.com\/noticias\/wp-json\/wp\/v2\/posts"}],"about":[{"href":"https:\/\/vinasfm.com\/noticias\/wp-json\/wp\/v2\/types\/post"}],"author":[{"embeddable":true,"href":"https:\/\/vinasfm.com\/noticias\/wp-json\/wp\/v2\/users\/7"}],"replies":[{"embeddable":true,"href":"https:\/\/vinasfm.com\/noticias\/wp-json\/wp\/v2\/comments?post=159233"}],"version-history":[{"count":1,"href":"https:\/\/vinasfm.com\/noticias\/wp-json\/wp\/v2\/posts\/159233\/revisions"}],"predecessor-version":[{"id":159235,"href":"https:\/\/vinasfm.com\/noticias\/wp-json\/wp\/v2\/posts\/159233\/revisions\/159235"}],"wp:featuredmedia":[{"embeddable":true,"href":"https:\/\/vinasfm.com\/noticias\/wp-json\/wp\/v2\/media\/126362"}],"wp:attachment":[{"href":"https:\/\/vinasfm.com\/noticias\/wp-json\/wp\/v2\/media?parent=159233"}],"wp:term":[{"taxonomy":"category","embeddable":true,"href":"https:\/\/vinasfm.com\/noticias\/wp-json\/wp\/v2\/categories?post=159233"},{"taxonomy":"post_tag","embeddable":true,"href":"https:\/\/vinasfm.com\/noticias\/wp-json\/wp\/v2\/tags?post=159233"}],"curies":[{"name":"wp","href":"https:\/\/api.w.org\/{rel}","templated":true}]}}