{"id":159219,"date":"2026-04-08T08:56:25","date_gmt":"2026-04-08T11:56:25","guid":{"rendered":"https:\/\/vinasfm.com\/noticias\/?p=159219"},"modified":"2026-04-09T08:39:17","modified_gmt":"2026-04-09T11:39:17","slug":"la-cosecha-de-uva-registra-un-17-menos-que-la-temporada-anterior-en-mendoza","status":"publish","type":"post","link":"https:\/\/vinasfm.com\/noticias\/la-cosecha-de-uva-registra-un-17-menos-que-la-temporada-anterior-en-mendoza\/","title":{"rendered":"LA COSECHA DE UVA REGISTRA UN 17% MENOS QUE LA TEMPORADA ANTERIOR EN MENDOZA"},"content":{"rendered":"<h4><strong>La cosecha de uva ingresa en su etapa final en Mendoza y los n\u00fameros van cerrando bastante por debajo de lo que fue la temporada anterior. En San Rafael la merma llega al 37%, mientras que a nivel provincial la ca\u00edda se ubica en torno al 17%.<\/strong><\/h4>\n<p>Los n\u00fameros aportados por el INV marcan que en la provincia de Mendoza esta temporada llevan un total de 11.185.419 quintales de uva, contra los 13.448.219 de la temporada anterior.<\/p>\n<p>Si bien todas las delegaciones del INV registran descenso en la cantidad de uva relevada, la ca\u00edda porcentualmente m\u00e1s significativa es la de San Rafael. Es que en la temporada 2025 se hab\u00edan levantado 451.430 quintales y para esta son 283.472.<\/p>\n<p>En el vecino departamento de General Alvear la merma es de un 14%, pasando de 277.313 del a\u00f1o pasado a 239.775 en este 2026.<\/p>\n<p>En contrapartida, la vecina provincia de San Juan registr\u00f3 un incremento significativo en las \u00faltimas semanas y los n\u00fameros marcan un alza del 5%, pasando de 3.344.323 quintales el a\u00f1o pasado a 3.493.402 en esta temporada.<\/p>\n<h2><span style=\"color: #800080;\">BODEGAS EN ELABORACI\u00d3N<\/span><\/h2>\n<p>En Mendoza se registran 563 bodegas en proceso de elaboraci\u00f3n de las 878 inscriptas ante el Instituto Nacional de Vitivinicultura. Con estos n\u00fameros un 65% del total se encuentran trabajando.<\/p>\n<p>Los n\u00fameros en San Rafael arrojan que hay 42 bodegas y f\u00e1bricas elaborando sobre un total de 74 inscriptas para esta temporada, lo que significa un 56% en plena faena.<\/p>\n<p>En General Alvear son 18 bodegas trabajando sobre 31 anotadas (58%)<\/p>\n","protected":false},"excerpt":{"rendered":"<p>La cosecha de uva ingresa en su etapa final en Mendoza y los n\u00fameros van cerrando bastante por debajo de lo &#8230;<\/p>\n","protected":false},"author":7,"featured_media":45458,"comment_status":"open","ping_status":"open","sticky":false,"template":"","format":"standard","meta":{"footnotes":""},"categories":[5,14],"tags":[],"class_list":["post-159219","post","type-post","status-publish","format-standard","has-post-thumbnail","hentry","category-actualidad","category-agro"],"_links":{"self":[{"href":"https:\/\/vinasfm.com\/noticias\/wp-json\/wp\/v2\/posts\/159219","targetHints":{"allow":["GET"]}}],"collection":[{"href":"https:\/\/vinasfm.com\/noticias\/wp-json\/wp\/v2\/posts"}],"about":[{"href":"https:\/\/vinasfm.com\/noticias\/wp-json\/wp\/v2\/types\/post"}],"author":[{"embeddable":true,"href":"https:\/\/vinasfm.com\/noticias\/wp-json\/wp\/v2\/users\/7"}],"replies":[{"embeddable":true,"href":"https:\/\/vinasfm.com\/noticias\/wp-json\/wp\/v2\/comments?post=159219"}],"version-history":[{"count":2,"href":"https:\/\/vinasfm.com\/noticias\/wp-json\/wp\/v2\/posts\/159219\/revisions"}],"predecessor-version":[{"id":159231,"href":"https:\/\/vinasfm.com\/noticias\/wp-json\/wp\/v2\/posts\/159219\/revisions\/159231"}],"wp:featuredmedia":[{"embeddable":true,"href":"https:\/\/vinasfm.com\/noticias\/wp-json\/wp\/v2\/media\/45458"}],"wp:attachment":[{"href":"https:\/\/vinasfm.com\/noticias\/wp-json\/wp\/v2\/media?parent=159219"}],"wp:term":[{"taxonomy":"category","embeddable":true,"href":"https:\/\/vinasfm.com\/noticias\/wp-json\/wp\/v2\/categories?post=159219"},{"taxonomy":"post_tag","embeddable":true,"href":"https:\/\/vinasfm.com\/noticias\/wp-json\/wp\/v2\/tags?post=159219"}],"curies":[{"name":"wp","href":"https:\/\/api.w.org\/{rel}","templated":true}]}}