{"id":159217,"date":"2026-04-08T08:31:36","date_gmt":"2026-04-08T11:31:36","guid":{"rendered":"https:\/\/vinasfm.com\/noticias\/?p=159217"},"modified":"2026-04-08T22:13:42","modified_gmt":"2026-04-09T01:13:42","slug":"ciclismo-todo-listo-para-una-nueva-edicion-de-la-vuelta-de-alvear","status":"publish","type":"post","link":"https:\/\/vinasfm.com\/noticias\/ciclismo-todo-listo-para-una-nueva-edicion-de-la-vuelta-de-alvear\/","title":{"rendered":"CICLISMO: TODO LISTO PARA UNA NUEVA EDICI\u00d3N DE LA VUELTA DE ALVEAR"},"content":{"rendered":"<h4><strong>Desde el mi\u00e9rcoles 8 hasta el domingo 12 de abril se disputar\u00e1 la 26\u00b0 Vuelta Cicl\u00edstica de General Alvear, una competencia que a\u00f1o tras a\u00f1o convoca a ciclistas de distintos puntos del pa\u00eds y la regi\u00f3n, y que vuelve a posicionar al departamento como un referente de la disciplina.<\/strong><\/h4>\n<p>El director de Deportes, <strong><span style=\"color: #800080;\">Alberto G\u00f3mez<\/span><\/strong>, se refiri\u00f3 a la organizaci\u00f3n y la expectativa generada:<em><strong> \u201cestamos expectantes y en la recta final, con todos los detalles preparados para el inicio\u201d. Adem\u00e1s, destac\u00f3 el trabajo conjunto: \u201ces un evento que requiere mucha coordinaci\u00f3n, con cortes de calles y un importante despliegue para que todo se desarrolle correctamente\u201d<\/strong><\/em>.<\/p>\n<p>Desde la Asociaci\u00f3n Alvearense de Ciclismo, <strong><span style=\"color: #800080;\">Miguel L\u00f3pez<\/span><\/strong> valor\u00f3 el acompa\u00f1amiento sostenido: <em><strong>\u201cseguimos trabajando gracias al apoyo del municipio y de quienes colaboran en cada edici\u00f3n, es un esfuerzo compartido que permite sostener esta competencia en el tiempo\u201d<\/strong><\/em>, expres\u00f3, al tiempo que agradeci\u00f3 a empresas, instituciones y entidades que se han sumado este a\u00f1o.<\/p>\n<p>Respecto a la participaci\u00f3n, se espera la presencia de equipos locales y de otras provincias, con corredores que llegan desde distintos puntos del pa\u00eds y la posibilidad de sumar delegaciones internacionales.<\/p>\n<p>La competencia contar\u00e1 con un pr\u00f3logo clasificatorio y cuatro etapas. El recorrido incluir\u00e1 distintos distritos del departamento, como Bowen y Carmensa, adem\u00e1s de una etapa en Alvear Oeste y el tradicional circuito c\u00e9ntrico en la jornada de cierre.<\/p>\n<p>&#8211; Mi\u00e9rcoles 8 de abril \u2013 20:30 hs. Pr\u00f3logo <strong><span style=\"color: #800080;\">\u201cGran Premio Di Paolo Maderas\u201d<\/span><\/strong>, con concentraci\u00f3n a las 20:00 hs., en un circuito c\u00e9ntrico con largada y llegada en Av. Libertador Sur 490.<\/p>\n<p>&#8211; Jueves 9 de abril \u2013 15:00 hs. Primera etapa <strong><span style=\"color: #800080;\">\u201cGran Premio VM Plast\u201d<\/span><\/strong>, con recorrido de aproximadamente 104 km, pasando por distintos puntos del departamento y finalizando frente a la firma organizadora.<\/p>\n<p>&#8211; Viernes 10 de abril \u2013 15:00 hs. Segunda etapa <strong><span style=\"color: #800080;\">\u201cGran Premio YPF Grupo Squiavone y CECSAGAL\u201d<\/span><\/strong>, con un trazado de 106 km.<\/p>\n<p>&#8211; S\u00e1bado 11 de abril \u2013 15:00 hs. Tercera etapa <strong><span style=\"color: #800080;\">\u201cGran Premio Dewey\u201d<\/span><\/strong>, en un circuito que se recorrer\u00e1 en tres oportunidades, totalizando 112 km.<\/p>\n<p>&#8211; Domingo 12 de abril \u2013 15:00 hs. Cuarta etapa <strong><span style=\"color: #800080;\">\u201cGran Premio Municipalidad de General Alvear\u201d<\/span><\/strong>, con un circuito c\u00e9ntrico de 114 km que marcar\u00e1 el cierre de la competencia.<\/p>\n<p>En todas las jornadas, la concentraci\u00f3n ser\u00e1 a las 14:30 hs., excepto el pr\u00f3logo inaugural.<\/p>\n<p>&nbsp;<\/p>\n","protected":false},"excerpt":{"rendered":"<p>Desde el mi\u00e9rcoles 8 hasta el domingo 12 de abril se disputar\u00e1 la 26\u00b0 Vuelta Cicl\u00edstica de General Alvear, una competencia &#8230;<\/p>\n","protected":false},"author":7,"featured_media":49951,"comment_status":"open","ping_status":"open","sticky":false,"template":"","format":"standard","meta":{"footnotes":""},"categories":[5,3],"tags":[],"class_list":["post-159217","post","type-post","status-publish","format-standard","has-post-thumbnail","hentry","category-actualidad","category-deportes"],"_links":{"self":[{"href":"https:\/\/vinasfm.com\/noticias\/wp-json\/wp\/v2\/posts\/159217","targetHints":{"allow":["GET"]}}],"collection":[{"href":"https:\/\/vinasfm.com\/noticias\/wp-json\/wp\/v2\/posts"}],"about":[{"href":"https:\/\/vinasfm.com\/noticias\/wp-json\/wp\/v2\/types\/post"}],"author":[{"embeddable":true,"href":"https:\/\/vinasfm.com\/noticias\/wp-json\/wp\/v2\/users\/7"}],"replies":[{"embeddable":true,"href":"https:\/\/vinasfm.com\/noticias\/wp-json\/wp\/v2\/comments?post=159217"}],"version-history":[{"count":1,"href":"https:\/\/vinasfm.com\/noticias\/wp-json\/wp\/v2\/posts\/159217\/revisions"}],"predecessor-version":[{"id":159218,"href":"https:\/\/vinasfm.com\/noticias\/wp-json\/wp\/v2\/posts\/159217\/revisions\/159218"}],"wp:featuredmedia":[{"embeddable":true,"href":"https:\/\/vinasfm.com\/noticias\/wp-json\/wp\/v2\/media\/49951"}],"wp:attachment":[{"href":"https:\/\/vinasfm.com\/noticias\/wp-json\/wp\/v2\/media?parent=159217"}],"wp:term":[{"taxonomy":"category","embeddable":true,"href":"https:\/\/vinasfm.com\/noticias\/wp-json\/wp\/v2\/categories?post=159217"},{"taxonomy":"post_tag","embeddable":true,"href":"https:\/\/vinasfm.com\/noticias\/wp-json\/wp\/v2\/tags?post=159217"}],"curies":[{"name":"wp","href":"https:\/\/api.w.org\/{rel}","templated":true}]}}