{"id":159206,"date":"2026-04-08T08:13:10","date_gmt":"2026-04-08T11:13:10","guid":{"rendered":"https:\/\/vinasfm.com\/noticias\/?p=159206"},"modified":"2026-04-08T21:53:20","modified_gmt":"2026-04-09T00:53:20","slug":"escuelas-de-la-uncuyo-conoce-el-paso-a-paso-de-la-preinscripcion-para-el-2027","status":"publish","type":"post","link":"https:\/\/vinasfm.com\/noticias\/escuelas-de-la-uncuyo-conoce-el-paso-a-paso-de-la-preinscripcion-para-el-2027\/","title":{"rendered":"ESCUELAS DE LA UNCUYO: CONOC\u00c9 EL PASO A PASO DE LA PREINSCRIPCI\u00d3N PARA EL 2027"},"content":{"rendered":"<h4>Comenz\u00f3 este lunes, desde las 8.30, la \u00fanica instancia de preinscripci\u00f3n para el ingreso a la escuelas de Universidad Nacional de Cuyo. En un video explicativo pod\u00e9s conocer todos los pasos del proceso para aspirar a alguna de las 1.110 vacantes disponibles. El plazo para llenar el formulario se extiende hasta las 23.59 de este viernes 10 de abril.<\/h4>\n<div><b>Tres d\u00edas para conocer qu\u00e9 se investiga en la UNCUYO<\/b><\/div>\n<p>Las exposiciones orales y de p\u00f3steres, las conferencias con invitados especiales y las mesas de discusi\u00f3n marcar\u00e1n el ritmo de las XXIX Jornadas de Investigaci\u00f3n de la UNCUYO. Abierto y gratuito, el encuentro propone visibilizar avances de proyectos, fomentar el desarrollo de v\u00ednculos y redes de trabajo y promover vocaciones cient\u00edficas en j\u00f3venes estudiantes. Ser\u00e1 el 8, 9 y 10 de abril, en el Centro de Congresos y Exposiciones de Mendoza \u00abDr. Emilio Civit\u00bb.<\/p>\n<div id=\"m_-8425570436980104880Signature\">\n<div><\/div>\n<div><a href=\"https:\/\/www.uncuyo.edu.ar\/prensa\/tres-dias-para-conocer-que-se-investiga-en-la-uncuyo\" target=\"_blank\" rel=\"noopener\" data-saferedirecturl=\"https:\/\/www.google.com\/url?q=https:\/\/www.uncuyo.edu.ar\/prensa\/tres-dias-para-conocer-que-se-investiga-en-la-uncuyo&amp;source=gmail&amp;ust=1775661400291000&amp;usg=AOvVaw0GYBlUTJWZnCxU873dgSW5\">https:\/\/www.uncuyo.edu.ar\/<wbr \/>prensa\/tres-dias-para-conocer-<wbr \/>que-se-investiga-en-la-uncuyo<\/a><\/div>\n<div><\/div>\n<div><b>En tres a\u00f1os la UNCUYO duplic\u00f3 el n\u00famero de graduados en Derecho<\/b><\/div>\n<div><i>En el a\u00f1o 2025, la Facultad de Derecho registr\u00f3 184 egresados en la carrera de Abogac\u00eda. La cifra representa un incremento de m\u00e1s del 130% respecto de los datos relevados en 2023. Autoridades explicaron que dicha evoluci\u00f3n responde a cambios en los sistemas de evaluaci\u00f3n que favorecieron la participaci\u00f3n estudiantil, acelerando el cursado de asignaturas.<\/i><\/div>\n<div><a href=\"https:\/\/www.uncuyo.edu.ar\/prensa\/en-tres-anos-la-uncuyo-duplico-el-numero-de-graduados-en-derecho\" target=\"_blank\" rel=\"noopener\" data-saferedirecturl=\"https:\/\/www.google.com\/url?q=https:\/\/www.uncuyo.edu.ar\/prensa\/en-tres-anos-la-uncuyo-duplico-el-numero-de-graduados-en-derecho&amp;source=gmail&amp;ust=1775661400291000&amp;usg=AOvVaw1vQOcNc7L0sCoaxd91s7SG\">https:\/\/www.uncuyo.edu.ar\/<wbr \/>prensa\/en-tres-anos-la-uncuyo-<wbr \/>duplico-el-numero-de-<wbr \/>graduados-en-derecho<\/a><\/div>\n<\/div>\n","protected":false},"excerpt":{"rendered":"<p>Comenz\u00f3 este lunes, desde las 8.30, la \u00fanica instancia de preinscripci\u00f3n para el ingreso a la escuelas de Universidad Nacional de &#8230;<\/p>\n","protected":false},"author":7,"featured_media":151913,"comment_status":"open","ping_status":"open","sticky":false,"template":"","format":"standard","meta":{"footnotes":""},"categories":[5,18],"tags":[],"class_list":["post-159206","post","type-post","status-publish","format-standard","has-post-thumbnail","hentry","category-actualidad","category-educacion"],"_links":{"self":[{"href":"https:\/\/vinasfm.com\/noticias\/wp-json\/wp\/v2\/posts\/159206","targetHints":{"allow":["GET"]}}],"collection":[{"href":"https:\/\/vinasfm.com\/noticias\/wp-json\/wp\/v2\/posts"}],"about":[{"href":"https:\/\/vinasfm.com\/noticias\/wp-json\/wp\/v2\/types\/post"}],"author":[{"embeddable":true,"href":"https:\/\/vinasfm.com\/noticias\/wp-json\/wp\/v2\/users\/7"}],"replies":[{"embeddable":true,"href":"https:\/\/vinasfm.com\/noticias\/wp-json\/wp\/v2\/comments?post=159206"}],"version-history":[{"count":2,"href":"https:\/\/vinasfm.com\/noticias\/wp-json\/wp\/v2\/posts\/159206\/revisions"}],"predecessor-version":[{"id":159212,"href":"https:\/\/vinasfm.com\/noticias\/wp-json\/wp\/v2\/posts\/159206\/revisions\/159212"}],"wp:featuredmedia":[{"embeddable":true,"href":"https:\/\/vinasfm.com\/noticias\/wp-json\/wp\/v2\/media\/151913"}],"wp:attachment":[{"href":"https:\/\/vinasfm.com\/noticias\/wp-json\/wp\/v2\/media?parent=159206"}],"wp:term":[{"taxonomy":"category","embeddable":true,"href":"https:\/\/vinasfm.com\/noticias\/wp-json\/wp\/v2\/categories?post=159206"},{"taxonomy":"post_tag","embeddable":true,"href":"https:\/\/vinasfm.com\/noticias\/wp-json\/wp\/v2\/tags?post=159206"}],"curies":[{"name":"wp","href":"https:\/\/api.w.org\/{rel}","templated":true}]}}