{"id":159201,"date":"2026-04-07T10:30:18","date_gmt":"2026-04-07T13:30:18","guid":{"rendered":"https:\/\/vinasfm.com\/noticias\/?p=159201"},"modified":"2026-04-08T09:52:53","modified_gmt":"2026-04-08T12:52:53","slug":"plan-contra-el-abigeato-secuestran-150-kilos-de-carne-y-detienen-a-tres-personas","status":"publish","type":"post","link":"https:\/\/vinasfm.com\/noticias\/plan-contra-el-abigeato-secuestran-150-kilos-de-carne-y-detienen-a-tres-personas\/","title":{"rendered":"PLAN CONTRA EL ABIGEATO: SECUESTRAN 150 KILOS DE CARNE Y DETIENEN A TRES PERSONAS"},"content":{"rendered":"<h4>El procedimiento fue realizado por la Polic\u00eda Rural en el sur provincial, tras el control de una camioneta en Ruta 40 donde se detect\u00f3 el transporte de un animal vacuno faenado sin documentaci\u00f3n ni condiciones sanitarias adecuadas.<\/h4>\n<p>En el marco del Plan Estrat\u00e9gico contra el Abigeato, personal de la Polic\u00eda Rural Delegaci\u00f3n Sur llev\u00f3 adelante un procedimiento sobre Ruta 40, a la altura de calle Milagro de los Andes, donde se intercept\u00f3 una camioneta que transportaba carne en condiciones irregulares.<\/p>\n<p>Durante el control, los efectivos detuvieron la marcha de una camioneta en la que se trasladaban tres hombres. Al inspeccionar la caja del veh\u00edculo, constataron la presencia de un animal vacuno completamente faenado y trozado, sin la correspondiente gu\u00eda de traslado ni documentaci\u00f3n que acreditara su procedencia. Adem\u00e1s, el rodado no contaba con las condiciones sanitarias necesarias para el transporte de este tipo de productos.<\/p>\n<p>Ante esta situaci\u00f3n, se dio intervenci\u00f3n a la fiscal de turno, quien dispuso el secuestro de aproximadamente 150 kilos de carne, un cuero vacuno, una sierra de mano de gran tama\u00f1o, tres cuchillos tipo carnicero y tres tel\u00e9fonos celulares, adem\u00e1s del rodado utilizado para el traslado.<\/p>\n<p>Asimismo, se orden\u00f3 la aprehensi\u00f3n de los tres ocupantes del veh\u00edculo quienes quedaron a disposici\u00f3n de la Justicia. En el lugar tambi\u00e9n trabaj\u00f3 personal de Polic\u00eda Cient\u00edfica para las pericias correspondientes.<\/p>\n<p>El procedimiento se enmarca en una investigaci\u00f3n por presunta infracci\u00f3n al art\u00edculo 201 del C\u00f3digo Penal, vinculado al transporte de sustancias peligrosas para la salud, y forma parte de las acciones que lleva adelante el Ministerio de Seguridad y Justicia para prevenir el abigeato y garantizar la trazabilidad de los productos c\u00e1rnicos.<\/p>\n","protected":false},"excerpt":{"rendered":"<p>El procedimiento fue realizado por la Polic\u00eda Rural en el sur provincial, tras el control de una camioneta en Ruta 40 &#8230;<\/p>\n","protected":false},"author":7,"featured_media":159203,"comment_status":"open","ping_status":"open","sticky":false,"template":"","format":"standard","meta":{"footnotes":""},"categories":[5,4],"tags":[],"class_list":["post-159201","post","type-post","status-publish","format-standard","has-post-thumbnail","hentry","category-actualidad","category-policiales"],"_links":{"self":[{"href":"https:\/\/vinasfm.com\/noticias\/wp-json\/wp\/v2\/posts\/159201","targetHints":{"allow":["GET"]}}],"collection":[{"href":"https:\/\/vinasfm.com\/noticias\/wp-json\/wp\/v2\/posts"}],"about":[{"href":"https:\/\/vinasfm.com\/noticias\/wp-json\/wp\/v2\/types\/post"}],"author":[{"embeddable":true,"href":"https:\/\/vinasfm.com\/noticias\/wp-json\/wp\/v2\/users\/7"}],"replies":[{"embeddable":true,"href":"https:\/\/vinasfm.com\/noticias\/wp-json\/wp\/v2\/comments?post=159201"}],"version-history":[{"count":1,"href":"https:\/\/vinasfm.com\/noticias\/wp-json\/wp\/v2\/posts\/159201\/revisions"}],"predecessor-version":[{"id":159202,"href":"https:\/\/vinasfm.com\/noticias\/wp-json\/wp\/v2\/posts\/159201\/revisions\/159202"}],"wp:featuredmedia":[{"embeddable":true,"href":"https:\/\/vinasfm.com\/noticias\/wp-json\/wp\/v2\/media\/159203"}],"wp:attachment":[{"href":"https:\/\/vinasfm.com\/noticias\/wp-json\/wp\/v2\/media?parent=159201"}],"wp:term":[{"taxonomy":"category","embeddable":true,"href":"https:\/\/vinasfm.com\/noticias\/wp-json\/wp\/v2\/categories?post=159201"},{"taxonomy":"post_tag","embeddable":true,"href":"https:\/\/vinasfm.com\/noticias\/wp-json\/wp\/v2\/tags?post=159201"}],"curies":[{"name":"wp","href":"https:\/\/api.w.org\/{rel}","templated":true}]}}