{"id":159195,"date":"2026-04-07T09:56:41","date_gmt":"2026-04-07T12:56:41","guid":{"rendered":"https:\/\/vinasfm.com\/noticias\/?p=159195"},"modified":"2026-04-08T08:56:24","modified_gmt":"2026-04-08T11:56:24","slug":"guillermo-modon-es-el-nuevo-secretario-de-desarrollo-de-general-alvear","status":"publish","type":"post","link":"https:\/\/vinasfm.com\/noticias\/guillermo-modon-es-el-nuevo-secretario-de-desarrollo-de-general-alvear\/","title":{"rendered":"GUILLERMO MOD\u00d3N ES EL NUEVO SECRETARIO DE DESARROLLO DE GENERAL ALVEAR"},"content":{"rendered":"<h4><strong>En sus primeros d\u00edas al frente de una de las \u00e1reas clave del municipio, el nuevo funcionario comenz\u00f3 a transitar una experiencia completamente distinta a su recorrido profesional, marcado hasta ahora por su paso en el sector privado.<\/strong><\/h4>\n<p>Con una mirada enfocada en la continuidad y el di\u00e1logo, asegur\u00f3 que su gesti\u00f3n buscar\u00e1 sostener el trabajo realizado por su antecesor, <strong><span style=\"color: #993366;\">Hugo Molina<\/span><\/strong>, y al mismo tiempo impulsar nuevas iniciativas:<em><strong> &#8216;vengo del sector privado, siempre me he desarrollado ah\u00ed, y ahora desembarco en esta nueva actividad con el objetivo de darle continuidad a lo que se ven\u00eda haciendo, adem\u00e1s de sumar proyectos propios que iremos desarrollando con el tiempo&#8217;<\/strong><\/em>, expres\u00f3.<\/p>\n<p>En ese sentido, remarc\u00f3 que actualmente se encuentra<strong><span style=\"color: #993366;\"> interioriz\u00e1ndose<\/span><\/strong> en el funcionamiento del \u00e1rea, recorriendo cada sector y analizando las tareas espec\u00edficas para comprender la din\u00e1mica diaria del departamento: <em><strong>&#8216;es un \u00e1rea bastante grande, por eso estoy visitando las distintas dependencias, viendo qu\u00e9 funci\u00f3n cumple cada una y poni\u00e9ndome al d\u00eda con lo que acontece en el d\u00eda a d\u00eda&#8217;<\/strong><\/em>, explic\u00f3.<\/p>\n<p>En un contexto econ\u00f3mico complejo que impacta en la producci\u00f3n, el comercio y la industria a nivel local, el funcionario reconoci\u00f3 la necesidad de generar espacios de di\u00e1logo y acci\u00f3n conjunta: <em><strong>&#8216;la situaci\u00f3n del departamento no escapa a la realidad del pa\u00eds por eso vamos a convocar a los distintos sectores para escucharlos, conocer sus necesidades y ver en qu\u00e9 puede colaborar el municipio&#8217;<\/strong><\/em>, afirm\u00f3.<\/p>\n","protected":false},"excerpt":{"rendered":"<p>En sus primeros d\u00edas al frente de una de las \u00e1reas clave del municipio, el nuevo funcionario comenz\u00f3 a transitar una &#8230;<\/p>\n","protected":false},"author":7,"featured_media":159196,"comment_status":"open","ping_status":"open","sticky":false,"template":"","format":"standard","meta":{"footnotes":""},"categories":[5,10],"tags":[],"class_list":["post-159195","post","type-post","status-publish","format-standard","has-post-thumbnail","hentry","category-actualidad","category-destacadas"],"_links":{"self":[{"href":"https:\/\/vinasfm.com\/noticias\/wp-json\/wp\/v2\/posts\/159195","targetHints":{"allow":["GET"]}}],"collection":[{"href":"https:\/\/vinasfm.com\/noticias\/wp-json\/wp\/v2\/posts"}],"about":[{"href":"https:\/\/vinasfm.com\/noticias\/wp-json\/wp\/v2\/types\/post"}],"author":[{"embeddable":true,"href":"https:\/\/vinasfm.com\/noticias\/wp-json\/wp\/v2\/users\/7"}],"replies":[{"embeddable":true,"href":"https:\/\/vinasfm.com\/noticias\/wp-json\/wp\/v2\/comments?post=159195"}],"version-history":[{"count":2,"href":"https:\/\/vinasfm.com\/noticias\/wp-json\/wp\/v2\/posts\/159195\/revisions"}],"predecessor-version":[{"id":159200,"href":"https:\/\/vinasfm.com\/noticias\/wp-json\/wp\/v2\/posts\/159195\/revisions\/159200"}],"wp:featuredmedia":[{"embeddable":true,"href":"https:\/\/vinasfm.com\/noticias\/wp-json\/wp\/v2\/media\/159196"}],"wp:attachment":[{"href":"https:\/\/vinasfm.com\/noticias\/wp-json\/wp\/v2\/media?parent=159195"}],"wp:term":[{"taxonomy":"category","embeddable":true,"href":"https:\/\/vinasfm.com\/noticias\/wp-json\/wp\/v2\/categories?post=159195"},{"taxonomy":"post_tag","embeddable":true,"href":"https:\/\/vinasfm.com\/noticias\/wp-json\/wp\/v2\/tags?post=159195"}],"curies":[{"name":"wp","href":"https:\/\/api.w.org\/{rel}","templated":true}]}}