{"id":159185,"date":"2026-04-06T23:20:37","date_gmt":"2026-04-07T02:20:37","guid":{"rendered":"https:\/\/vinasfm.com\/noticias\/?p=159185"},"modified":"2026-04-08T08:13:09","modified_gmt":"2026-04-08T11:13:09","slug":"german-herrada-presidente-de-la-camara-de-comercio-de-general-sobre-el-reclamo-ante-la-crisis-de-las-pymes-hoy-no-somos-competitivos","status":"publish","type":"post","link":"https:\/\/vinasfm.com\/noticias\/german-herrada-presidente-de-la-camara-de-comercio-de-general-sobre-el-reclamo-ante-la-crisis-de-las-pymes-hoy-no-somos-competitivos\/","title":{"rendered":"GERM\u00c1N HERRADA PRESIDENTE DE LA C\u00c1MARA DE COMERCIO DE GENERAL ALVEAR SOBRE EL RECLAMO ANTE LA CRISIS DE LAS PYMES: &#8216;HOY NO SOMOS COMPETITIVOS&#8217;"},"content":{"rendered":"<h4><strong>Las c\u00e1maras del sur mendocino elevaron un contundente reclamo al Gobierno en el que exponen la delicada situaci\u00f3n que atraviesan las peque\u00f1as y medianas empresas de la regi\u00f3n, en un contexto marcado por la recesi\u00f3n econ\u00f3mica, la presi\u00f3n fiscal y la falta de acceso a financiamiento.<\/strong><\/h4>\n<p>Seg\u00fan explic\u00f3 <strong><span style=\"color: #0000ff;\">Germ\u00e1n Herrada<\/span><\/strong> presidente de la C\u00e1mara de Comercio, Industria, Agricultura y Ganader\u00eda de General Alvear el documento fue elaborado de manera conjunta por las tres c\u00e1maras del sur provincial y ya fue difundido a los medios de comunicaci\u00f3n: <em><strong>&#8216;el planteo apunta a visibilizar las dificultades que enfrentan las pymes y, al mismo tiempo, proponer alternativas concretas que permitan aliviar la situaci\u00f3n sin afectar significativamente la recaudaci\u00f3n estatal&#8217;<\/strong><\/em>.<\/p>\n<p>A diferencia de otros reclamos hist\u00f3ricos, en esta oportunidad el sector no exige una quita de impuestos, sino medidas <strong><span style=\"color: #0000ff;\">\u201cr\u00e1pidas y posibles\u201d<\/span><\/strong> de implementar.<\/p>\n<p>Entre los principales puntos se destacan la necesidad de reactivar la econom\u00eda, revisar la carga de tasas que impactan en la actividad y generar l\u00edneas de cr\u00e9dito accesibles y competitivas:<em><strong> &#8216;hoy no tenemos financiamiento que podamos tomar sin que se convierta en un problema mayor&#8217;<\/strong><\/em>, remarc\u00f3.<\/p>\n<p>El documento tambi\u00e9n hace foco en factores como la <strong><span style=\"color: #0000ff;\">ca\u00edda del consumo<\/span><\/strong>, los <strong><span style=\"color: #0000ff;\">cambios en los h\u00e1bitos de compra<\/span><\/strong> y la <strong><span style=\"color: #0000ff;\">creciente falta de liquidez<\/span><\/strong>, lo que genera un escenario cr\u00edtico que podr\u00eda derivar en el cierre de empresas.<\/p>\n<p>Otro de los puntos se\u00f1alados es la falta de competitividad, tanto en el mercado interno como externo, lo que agrava a\u00fan m\u00e1s el panorama. A esto se suma el incremento de costos en servicios como la electricidad, que contin\u00faa presionando sobre la rentabilidad.<\/p>\n<p>Desde las c\u00e1maras remarcaron que la intenci\u00f3n no es confrontar con el Gobierno, sino trabajar de manera conjunta en soluciones que permitan sostener la actividad:<em><strong> &#8216;queremos ponernos de acuerdo y evitar que sigan quedando empresas en el camino&#8217;<\/strong><\/em>, se\u00f1al\u00f3.<\/p>\n<p>&nbsp;<\/p>\n","protected":false},"excerpt":{"rendered":"<p>Las c\u00e1maras del sur mendocino elevaron un contundente reclamo al Gobierno en el que exponen la delicada situaci\u00f3n que atraviesan las &#8230;<\/p>\n","protected":false},"author":7,"featured_media":159186,"comment_status":"open","ping_status":"open","sticky":false,"template":"","format":"standard","meta":{"footnotes":""},"categories":[5,32],"tags":[],"class_list":["post-159185","post","type-post","status-publish","format-standard","has-post-thumbnail","hentry","category-actualidad","category-camara-de-comercio"],"_links":{"self":[{"href":"https:\/\/vinasfm.com\/noticias\/wp-json\/wp\/v2\/posts\/159185","targetHints":{"allow":["GET"]}}],"collection":[{"href":"https:\/\/vinasfm.com\/noticias\/wp-json\/wp\/v2\/posts"}],"about":[{"href":"https:\/\/vinasfm.com\/noticias\/wp-json\/wp\/v2\/types\/post"}],"author":[{"embeddable":true,"href":"https:\/\/vinasfm.com\/noticias\/wp-json\/wp\/v2\/users\/7"}],"replies":[{"embeddable":true,"href":"https:\/\/vinasfm.com\/noticias\/wp-json\/wp\/v2\/comments?post=159185"}],"version-history":[{"count":2,"href":"https:\/\/vinasfm.com\/noticias\/wp-json\/wp\/v2\/posts\/159185\/revisions"}],"predecessor-version":[{"id":159199,"href":"https:\/\/vinasfm.com\/noticias\/wp-json\/wp\/v2\/posts\/159185\/revisions\/159199"}],"wp:featuredmedia":[{"embeddable":true,"href":"https:\/\/vinasfm.com\/noticias\/wp-json\/wp\/v2\/media\/159186"}],"wp:attachment":[{"href":"https:\/\/vinasfm.com\/noticias\/wp-json\/wp\/v2\/media?parent=159185"}],"wp:term":[{"taxonomy":"category","embeddable":true,"href":"https:\/\/vinasfm.com\/noticias\/wp-json\/wp\/v2\/categories?post=159185"},{"taxonomy":"post_tag","embeddable":true,"href":"https:\/\/vinasfm.com\/noticias\/wp-json\/wp\/v2\/tags?post=159185"}],"curies":[{"name":"wp","href":"https:\/\/api.w.org\/{rel}","templated":true}]}}