{"id":159173,"date":"2026-04-06T11:45:26","date_gmt":"2026-04-06T14:45:26","guid":{"rendered":"https:\/\/vinasfm.com\/noticias\/?p=159173"},"modified":"2026-04-07T09:56:39","modified_gmt":"2026-04-07T12:56:39","slug":"las-camaras-dicen-basta-el-duro-reclamo-del-sector-empresario-del-sur-mendocino-ante-la-crisis-economica","status":"publish","type":"post","link":"https:\/\/vinasfm.com\/noticias\/las-camaras-dicen-basta-el-duro-reclamo-del-sector-empresario-del-sur-mendocino-ante-la-crisis-economica\/","title":{"rendered":"LAS C\u00c1MARAS DICEN BASTA: EL DURO RECLAMO DEL SECTOR EMPRESARIO DEL SUR MENDOCINO ANTE LA CRISIS ECON\u00d3MICA"},"content":{"rendered":"<h4><strong>La paciencia del sector empresarial del sur mendocino parece haberse agotado, en virtud de la crisis econ\u00f3mica que afecta a diferentes sectores y, sobre todo, a la falta de respuestas de quienes deben tomar medidas macroecon\u00f3micas pero no est\u00e1n dispuestos a hacerlo, o al menos as\u00ed lo hacen saber desde lo discursivo.<\/strong><\/h4>\n<p>A trav\u00e9s de un fuerte documento, las C\u00e1maras de Comercio de San Rafael, General Alvear y Malarg\u00fce, llamaron a la toma de \u201cmedidas urgentes\u201d para paliar las graves consecuencias econ\u00f3micas que est\u00e1n sufriendo peque\u00f1as y medianas empresas relacionadas al comercio, la agricultura, la vitivinicultura, la industria, la construcci\u00f3n y los servicios.<\/p>\n<p>\u201cLas C\u00e1maras del sur mendocino dicen BASTA\u201d, se titula la misiva que trascendi\u00f3 este lunes y que lleva la firma de los titulares de las tres instituciones. All\u00ed exponen que \u201cla sostenida ca\u00edda de la actividad econ\u00f3mica en gran parte del entramado productivo regional, reflejada tanto en los reclamos diarios de nuestros representados como en los indicadores interanuales negativos, exige la implementaci\u00f3n urgente de medidas que permitan reactivar la econom\u00eda, sostener el empleo y garantizar la continuidad de las empresas\u201d.<\/p>\n<p>En ese contexto, desde las c\u00e1maras sintetizaron una serie de factores que \u2013 sostienen \u2013 \u201cagravan el escenario\u201d. Entre ellos figura la recesi\u00f3n econ\u00f3mica, aludiendo a que la contracci\u00f3n de la actividad impacta directamente en la microeconom\u00eda, debilitando el tejido productivo y comercial de nuestra regi\u00f3n.<\/p>\n<p>En otro de los apartados ponen el foco en \u201cla presi\u00f3n fiscal\u201d y afirman: \u201clas altas tasas municipales, provinciales y nacionales generan una carga dif\u00edcil de sostener\u201d.<\/p>\n<p>En el mismo documento hicieron hincapi\u00e9 en la \u201ccapacidad instalada ociosa y falta de liquidez\u201d, lo que \u201cconduce a un escenario cr\u00edtico cuyo desenlace m\u00e1s frecuente es el cierre de empresas\u201d.<\/p>\n<p>Adem\u00e1s, las c\u00e1maras empresariales tambi\u00e9n hicieron referencia a \u201clos cambios en los h\u00e1bitos de consumo\u201c, y al \u201cincremento constante en los costos de los insumos, lo que impide una competencia sana\u201d.<\/p>\n<p>Llamado al di\u00e1logo y medidas concretas<\/p>\n<p>Tras enumerar la serie de factores que derivan en inevitables despidos y cierre de empresas, entre otras problem\u00e1ticas, desde las c\u00e1maras consideraron \u201cimprescindible abrir canales de di\u00e1logo con los distintos niveles del Estado nacional, provincial y municipal, a fin de abordar de manera conjunta y urgente la problem\u00e1tica que afecta nuestra regi\u00f3n\u201d.<\/p>\n<p>En virtud de lo anterior, las c\u00e1maras solicitaron que el Gobierno Nacional disponga de un diferimiento de pagos de al menos 30 d\u00edas posteriores a las ejecuciones fiscales, a efecto de \u201caliviar la situaci\u00f3n financiera de las empresas\u201d.<\/p>\n<p>En el mismo nivel, piden a la Naci\u00f3n reducir tasas de financiamiento en planes de pago para pymes y peque\u00f1os contribuyentes; el establecimiento de tasas de inter\u00e9s accesibles para cr\u00e9ditos de capital de trabajo y la reducci\u00f3n de la al\u00edcuota del impuesto sobre los Ingresos Brutos, junto con la implementaci\u00f3n de planes de pago con tasas reducidas y la condonaci\u00f3n de multas por mora.<\/p>\n<p>Asimismo, en otro punto dirigido al Gobierno Provincial y a los Municipios del Sur, las c\u00e1maras requieren \u201crevisar y reducir el gasto p\u00fablico estructural, como condici\u00f3n necesaria para disminuir la carga impositiva\u201d.<\/p>\n<p>Por \u00faltimo, el sector empresario e industrial del sur mendocino sostuvo que \u201clas medidas propuestas constituyen herramientas fundamentales para aliviar la presi\u00f3n sobre el sector productivo y enfrentar el actual contexto de estanflaci\u00f3n, permitiendo sostener la actividad econ\u00f3mica y preservar las fuentes de trabajo\u201d.<\/p>\n<p>COMUNICADO COMPLETO<\/p>\n<p>LAS C\u00c1MARAS DEL SUR MENDOCINO DICEN \u201cBASTA\u201d<br \/>\nLa C\u00e1mara de Comercio, Industria y Agropecuaria de San Rafael, la C\u00e1mara de Comercio, Industria, Agricultura, Ganader\u00eda, Vial y Servicios de General Alvear y la C\u00e1mara de Comercio y Afines de Malarg\u00fce manifiestan su profunda preocupaci\u00f3n por la cr\u00edtica situaci\u00f3n que atraviesan las pymes de la regi\u00f3n, especialmente las relacionadas al comercio, la agricultura, la vitivinicultura, las industrias, la construcci\u00f3n y los servicios.<br \/>\nLa sostenida ca\u00edda de la actividad econ\u00f3mica en gran parte del entramado productivo regional, reflejada tanto en los reclamos diarios de nuestros representados como en los indicadores interanuales negativos, exige la implementaci\u00f3n urgente de medidas que permitan reactivar la econom\u00eda, sostener el empleo y garantizar la continuidad de las empresas.<br \/>\nA esta situaci\u00f3n se suman factores que agravan el escenario, como lo son:<br \/>\n* Recesi\u00f3n econ\u00f3mica: la contracci\u00f3n de la actividad impacta directamente en la microeconom\u00eda, debilitando el tejido productivo y comercial de nuestra regi\u00f3n.<br \/>\n* Presi\u00f3n fiscal: las altas tasas municipales, provinciales y nacionales generan una carga dif\u00edcil de sostener.<br \/>\n* Escasez de cr\u00e9dito accesible: la falta de l\u00edneas de financiamiento con tasas razonables y de r\u00e1pido acceso limita la capacidad de sostener el empleo y mantener la actividad.<br \/>\n* Capacidad instalada ociosa y falta de liquidez: estos factores, sumados a la coyuntura actual, conducen a un escenario cr\u00edtico cuyo desenlace m\u00e1s frecuente es el cierre de empresas.<br \/>\n* Los cambios en los h\u00e1bitos de consumo.<br \/>\n* El incremento constante en los costos de los insumos, lo que impide una competencia sana.<\/p>\n<p>En este contexto, consideramos imprescindible abrir canales de di\u00e1logo con los distintos niveles de los Estados nacional, provincial y municipal, a fin de abordar de manera conjunta y urgente la problem\u00e1tica que atraviesa nuestra regi\u00f3n.<br \/>\nDentro de la medida de lo posible, solicitamos:<br \/>\n* A nivel nacional, un diferimiento de pagos de al menos 30 d\u00edas posteriores a las ejecuciones fiscales, para aliviar la situaci\u00f3n financiera de las empresas.<br \/>\n* La reducci\u00f3n de las tasas de financiamiento en los planes de pago para pymes y peque\u00f1os contribuyentes.<br \/>\n* El establecimiento de tasas de inter\u00e9s accesibles para cr\u00e9ditos de capital de trabajo, de r\u00e1pida implementaci\u00f3n.<br \/>\n* La reducci\u00f3n de la al\u00edcuota del Impuesto sobre los Ingresos Brutos, junto con la implementaci\u00f3n de planes de pago con tasas reducidas y la condonaci\u00f3n de multas por mora.<br \/>\n* La revisi\u00f3n y reducci\u00f3n del gasto p\u00fablico estructural, especialmente en los \u00e1mbitos provincial y municipal, como condici\u00f3n necesaria para disminuir la carga impositiva.<br \/>\nLas medidas propuestas constituyen herramientas fundamentales para aliviar la presi\u00f3n sobre el sector productivo y enfrentar el actual contexto de estanflaci\u00f3n, permitiendo sostener la actividad econ\u00f3mica y preservar las fuentes de trabajo.<br \/>\nLas C\u00e1maras del sur mendocino hacen un llamado urgente a las autoridades competentes para que se implementen medidas concretas que permitan preservar el empleo, sostener la producci\u00f3n y garantizar la continuidad de las empresas, que son el motor de nuestra econom\u00eda regional.<\/p>\n<p>Lic. Gabriel Brega | Presidente C\u00e1mara San Rafael<\/p>\n<p>Gabriel Ginart | Presidente C\u00e1mara Malarg\u00fce<\/p>\n<p>Germ\u00e1n Herrada | Presidente C\u00e1mara de Comercio de General Alvear<\/p>\n<h6>Fuente: Diario San Rafael<\/h6>\n","protected":false},"excerpt":{"rendered":"<p>La paciencia del sector empresarial del sur mendocino parece haberse agotado, en virtud de la crisis econ\u00f3mica que afecta a diferentes &#8230;<\/p>\n","protected":false},"author":7,"featured_media":159174,"comment_status":"open","ping_status":"open","sticky":false,"template":"","format":"standard","meta":{"footnotes":""},"categories":[5,32],"tags":[],"class_list":["post-159173","post","type-post","status-publish","format-standard","has-post-thumbnail","hentry","category-actualidad","category-camara-de-comercio"],"_links":{"self":[{"href":"https:\/\/vinasfm.com\/noticias\/wp-json\/wp\/v2\/posts\/159173","targetHints":{"allow":["GET"]}}],"collection":[{"href":"https:\/\/vinasfm.com\/noticias\/wp-json\/wp\/v2\/posts"}],"about":[{"href":"https:\/\/vinasfm.com\/noticias\/wp-json\/wp\/v2\/types\/post"}],"author":[{"embeddable":true,"href":"https:\/\/vinasfm.com\/noticias\/wp-json\/wp\/v2\/users\/7"}],"replies":[{"embeddable":true,"href":"https:\/\/vinasfm.com\/noticias\/wp-json\/wp\/v2\/comments?post=159173"}],"version-history":[{"count":1,"href":"https:\/\/vinasfm.com\/noticias\/wp-json\/wp\/v2\/posts\/159173\/revisions"}],"predecessor-version":[{"id":159175,"href":"https:\/\/vinasfm.com\/noticias\/wp-json\/wp\/v2\/posts\/159173\/revisions\/159175"}],"wp:featuredmedia":[{"embeddable":true,"href":"https:\/\/vinasfm.com\/noticias\/wp-json\/wp\/v2\/media\/159174"}],"wp:attachment":[{"href":"https:\/\/vinasfm.com\/noticias\/wp-json\/wp\/v2\/media?parent=159173"}],"wp:term":[{"taxonomy":"category","embeddable":true,"href":"https:\/\/vinasfm.com\/noticias\/wp-json\/wp\/v2\/categories?post=159173"},{"taxonomy":"post_tag","embeddable":true,"href":"https:\/\/vinasfm.com\/noticias\/wp-json\/wp\/v2\/tags?post=159173"}],"curies":[{"name":"wp","href":"https:\/\/api.w.org\/{rel}","templated":true}]}}