{"id":159146,"date":"2026-04-06T09:22:22","date_gmt":"2026-04-06T12:22:22","guid":{"rendered":"https:\/\/vinasfm.com\/noticias\/?p=159146"},"modified":"2026-04-06T10:38:57","modified_gmt":"2026-04-06T13:38:57","slug":"temporada-de-nueces-el-sur-mendocino-dice-presente-con-400-hectareas-en-produccion-y-ventas-directas","status":"publish","type":"post","link":"https:\/\/vinasfm.com\/noticias\/temporada-de-nueces-el-sur-mendocino-dice-presente-con-400-hectareas-en-produccion-y-ventas-directas\/","title":{"rendered":"TEMPORADA DE NUECES: EL SUR MENDOCINO DICE PRESENTE CON 400 HECT\u00c1REAS EN PRODUCCI\u00d3N Y VENTAS DIRECTAS"},"content":{"rendered":"<h4><strong>Con la llegada del oto\u00f1o, Mendoza transita el pico de la cosecha de nueces, una actividad que se concentra entre marzo y abril y que posiciona a la provincia como l\u00edder nacional en producci\u00f3n y exportaci\u00f3n de este fruto seco.<\/strong><\/h4>\n<p>El crecimiento del sector ha sido sostenido en los \u00faltimos a\u00f1os. Actualmente, la superficie cultivada supera las 6.500 hect\u00e1reas de nogal en todo el territorio mendocino, con el Valle de Uco como principal polo productivo, concentrando cerca del 85% de la producci\u00f3n.<\/p>\n<p>En ese esquema, San Rafael se ubica como uno de los actores relevantes del segmengo fuera de la zona valletana, con aproximadamente 410 hect\u00e1reas implantadas. M\u00e1s atr\u00e1s aparecen Luj\u00e1n de Cuyo, con 197 hect\u00e1reas de nogales, y General Alvear, con 118.<\/p>\n<p>La producci\u00f3n mendocina no solo abastece el mercado interno, sino que tambi\u00e9n tiene fuerte presencia en el exterior, con exportaciones hacia Europa y Chile, consolidando a la provincia como la principal exportadora de nuez del pa\u00eds.<\/p>\n<h2>VENTA DIRECTA Y PRECIOS DE LA COSECHA 2026<\/h2>\n<p>En San Rafael, como ocurre cada temporada, ya comenzaron a aparecer productores locales que ofrecen nueces reci\u00e9n cosechadas, principalmente a trav\u00e9s de canales digitales y venta directa.<\/p>\n<p>En el mercado actual, los valores para nuez con c\u00e1scara se ubican en un rango que va desde los 5.500 a los 10.000 pesos por kilo, dependiendo de la variedad, el calibre y la calidad del producto.<\/p>\n<p>\u201cNueces con c\u00e1scara a $5.500 el kilo\u201d, publica \u00c1ngela, mientras que Laura ofrece \u201cnueces de producci\u00f3n sanrafaelina, primera calidad y gran calibre\u201d a $5.600 por kilo. Por su parte, Mar\u00eda promociona \u201cnueces Chandler por kilo, con env\u00edo a domicilio\u201d a$10.000.<\/p>\n<p>En tanto, los precios aumentan considerablemente en el caso de las nueces peladas, donde los valores arrancan desde los 18.000 pesos por kilo para la cosecha actual.<\/p>\n<p>\u201cNueces cosecha 2026: el kilo $20.900, medio kilo $11.000\u201d, detalla Juanjo en una de las publicaciones. Tambi\u00e9n se pueden encontrar opciones m\u00e1s econ\u00f3micas, aunque en esos casos los propios vendedores aclaran que corresponden a la cosecha 2025.<\/p>\n<p>De esta manera, la temporada de nuez no solo moviliza la actividad productiva en Mendoza, sino que tambi\u00e9n dinamiza el mercado local.<\/p>\n<h6><span style=\"color: #ff0000;\">Fuente: Diario San Rafael<\/span><\/h6>\n","protected":false},"excerpt":{"rendered":"<p>Con la llegada del oto\u00f1o, Mendoza transita el pico de la cosecha de nueces, una actividad que se concentra entre marzo &#8230;<\/p>\n","protected":false},"author":7,"featured_media":124157,"comment_status":"open","ping_status":"open","sticky":false,"template":"","format":"standard","meta":{"footnotes":""},"categories":[5,14],"tags":[],"class_list":["post-159146","post","type-post","status-publish","format-standard","has-post-thumbnail","hentry","category-actualidad","category-agro"],"_links":{"self":[{"href":"https:\/\/vinasfm.com\/noticias\/wp-json\/wp\/v2\/posts\/159146","targetHints":{"allow":["GET"]}}],"collection":[{"href":"https:\/\/vinasfm.com\/noticias\/wp-json\/wp\/v2\/posts"}],"about":[{"href":"https:\/\/vinasfm.com\/noticias\/wp-json\/wp\/v2\/types\/post"}],"author":[{"embeddable":true,"href":"https:\/\/vinasfm.com\/noticias\/wp-json\/wp\/v2\/users\/7"}],"replies":[{"embeddable":true,"href":"https:\/\/vinasfm.com\/noticias\/wp-json\/wp\/v2\/comments?post=159146"}],"version-history":[{"count":1,"href":"https:\/\/vinasfm.com\/noticias\/wp-json\/wp\/v2\/posts\/159146\/revisions"}],"predecessor-version":[{"id":159147,"href":"https:\/\/vinasfm.com\/noticias\/wp-json\/wp\/v2\/posts\/159146\/revisions\/159147"}],"wp:featuredmedia":[{"embeddable":true,"href":"https:\/\/vinasfm.com\/noticias\/wp-json\/wp\/v2\/media\/124157"}],"wp:attachment":[{"href":"https:\/\/vinasfm.com\/noticias\/wp-json\/wp\/v2\/media?parent=159146"}],"wp:term":[{"taxonomy":"category","embeddable":true,"href":"https:\/\/vinasfm.com\/noticias\/wp-json\/wp\/v2\/categories?post=159146"},{"taxonomy":"post_tag","embeddable":true,"href":"https:\/\/vinasfm.com\/noticias\/wp-json\/wp\/v2\/tags?post=159146"}],"curies":[{"name":"wp","href":"https:\/\/api.w.org\/{rel}","templated":true}]}}