{"id":159115,"date":"2026-04-03T08:52:32","date_gmt":"2026-04-03T11:52:32","guid":{"rendered":"https:\/\/vinasfm.com\/noticias\/?p=159115"},"modified":"2026-04-06T09:22:19","modified_gmt":"2026-04-06T12:22:19","slug":"alvear-cup-2026-comenzo-el-torneo-tan-esperado-para-el-calendario-deportivo-local","status":"publish","type":"post","link":"https:\/\/vinasfm.com\/noticias\/alvear-cup-2026-comenzo-el-torneo-tan-esperado-para-el-calendario-deportivo-local\/","title":{"rendered":"ALVEAR CUP 2026: COMENZ\u00d3 EL TORNEO TAN ESPERADO PARA EL CALENDARIO DEPORTIVO LOCAL"},"content":{"rendered":"<h4><strong>Con un gran acompa\u00f1amiento del p\u00fablico, qued\u00f3 oficialmente inaugurada el Alvear Cup 2026, uno de los torneos m\u00e1s esperados del calendario deportivo local.<\/strong><\/h4>\n<p><a href=\"https:\/\/vinasfm.com\/noticias\/wp-content\/uploads\/2026\/04\/Futbol-Andes.webp\"><img loading=\"lazy\" decoding=\"async\" class=\"wp-image-159117 aligncenter\" src=\"https:\/\/vinasfm.com\/noticias\/wp-content\/uploads\/2026\/04\/Futbol-Andes-768x1024.webp\" alt=\"\" width=\"534\" height=\"712\" srcset=\"https:\/\/vinasfm.com\/noticias\/wp-content\/uploads\/2026\/04\/Futbol-Andes-768x1024.webp 768w, https:\/\/vinasfm.com\/noticias\/wp-content\/uploads\/2026\/04\/Futbol-Andes-225x300.webp 225w, https:\/\/vinasfm.com\/noticias\/wp-content\/uploads\/2026\/04\/Futbol-Andes.webp 1080w\" sizes=\"auto, (max-width: 534px) 100vw, 534px\" \/><\/a><\/p>\n<p>Durante la jornada inicial se vivieron momentos de entusiasmo y emoci\u00f3n, con el inicio de la competencia que re\u00fane a equipos y jugadores en esta 8\u00b0 edici\u00f3n.<\/p>\n<p><a href=\"https:\/\/vinasfm.com\/noticias\/wp-content\/uploads\/2026\/04\/Alvear-Cup-2026.webp\"><img loading=\"lazy\" decoding=\"async\" class=\"wp-image-159116 aligncenter\" src=\"https:\/\/vinasfm.com\/noticias\/wp-content\/uploads\/2026\/04\/Alvear-Cup-2026-768x1024.webp\" alt=\"\" width=\"590\" height=\"787\" srcset=\"https:\/\/vinasfm.com\/noticias\/wp-content\/uploads\/2026\/04\/Alvear-Cup-2026-768x1024.webp 768w, https:\/\/vinasfm.com\/noticias\/wp-content\/uploads\/2026\/04\/Alvear-Cup-2026-225x300.webp 225w, https:\/\/vinasfm.com\/noticias\/wp-content\/uploads\/2026\/04\/Alvear-Cup-2026.webp 1080w\" sizes=\"auto, (max-width: 590px) 100vw, 590px\" \/><\/a><\/p>\n<p>El certamen continuar\u00e1 desarroll\u00e1ndose hasta el domingo 5 de abril, con una nutrida agenda de partidos que invitan a la comunidad a disfrutar del f\u00fatbol y acompa\u00f1ar a los protagonistas.<\/p>\n<p><a href=\"https:\/\/vinasfm.com\/noticias\/wp-content\/uploads\/2026\/04\/Futbol-Pedal.webp\"><img loading=\"lazy\" decoding=\"async\" class=\"wp-image-159119 aligncenter\" src=\"https:\/\/vinasfm.com\/noticias\/wp-content\/uploads\/2026\/04\/Futbol-Pedal-768x1024.webp\" alt=\"\" width=\"575\" height=\"767\" srcset=\"https:\/\/vinasfm.com\/noticias\/wp-content\/uploads\/2026\/04\/Futbol-Pedal-768x1024.webp 768w, https:\/\/vinasfm.com\/noticias\/wp-content\/uploads\/2026\/04\/Futbol-Pedal-225x300.webp 225w, https:\/\/vinasfm.com\/noticias\/wp-content\/uploads\/2026\/04\/Futbol-Pedal.webp 1080w\" sizes=\"auto, (max-width: 575px) 100vw, 575px\" \/><\/a><\/p>\n<p>Las im\u00e1genes del primer d\u00eda reflejan la energ\u00eda con la que comenz\u00f3 este tradicional certamen, que a\u00f1o tras a\u00f1o se consolida como un espacio de encuentro para toda la comunidad.<\/p>\n<p><a href=\"https:\/\/vinasfm.com\/noticias\/wp-content\/uploads\/2026\/04\/Futbol-Carmensa.webp\"><img loading=\"lazy\" decoding=\"async\" class=\"wp-image-159118 aligncenter\" src=\"https:\/\/vinasfm.com\/noticias\/wp-content\/uploads\/2026\/04\/Futbol-Carmensa-768x1024.webp\" alt=\"\" width=\"588\" height=\"784\" srcset=\"https:\/\/vinasfm.com\/noticias\/wp-content\/uploads\/2026\/04\/Futbol-Carmensa-768x1024.webp 768w, https:\/\/vinasfm.com\/noticias\/wp-content\/uploads\/2026\/04\/Futbol-Carmensa-225x300.webp 225w, https:\/\/vinasfm.com\/noticias\/wp-content\/uploads\/2026\/04\/Futbol-Carmensa.webp 1080w\" sizes=\"auto, (max-width: 588px) 100vw, 588px\" \/><\/a><\/p>\n","protected":false},"excerpt":{"rendered":"<p>Con un gran acompa\u00f1amiento del p\u00fablico, qued\u00f3 oficialmente inaugurada el Alvear Cup 2026, uno de los torneos m\u00e1s esperados del calendario &#8230;<\/p>\n","protected":false},"author":7,"featured_media":159121,"comment_status":"open","ping_status":"open","sticky":false,"template":"","format":"standard","meta":{"footnotes":""},"categories":[5,3],"tags":[],"class_list":["post-159115","post","type-post","status-publish","format-standard","has-post-thumbnail","hentry","category-actualidad","category-deportes"],"_links":{"self":[{"href":"https:\/\/vinasfm.com\/noticias\/wp-json\/wp\/v2\/posts\/159115","targetHints":{"allow":["GET"]}}],"collection":[{"href":"https:\/\/vinasfm.com\/noticias\/wp-json\/wp\/v2\/posts"}],"about":[{"href":"https:\/\/vinasfm.com\/noticias\/wp-json\/wp\/v2\/types\/post"}],"author":[{"embeddable":true,"href":"https:\/\/vinasfm.com\/noticias\/wp-json\/wp\/v2\/users\/7"}],"replies":[{"embeddable":true,"href":"https:\/\/vinasfm.com\/noticias\/wp-json\/wp\/v2\/comments?post=159115"}],"version-history":[{"count":1,"href":"https:\/\/vinasfm.com\/noticias\/wp-json\/wp\/v2\/posts\/159115\/revisions"}],"predecessor-version":[{"id":159123,"href":"https:\/\/vinasfm.com\/noticias\/wp-json\/wp\/v2\/posts\/159115\/revisions\/159123"}],"wp:featuredmedia":[{"embeddable":true,"href":"https:\/\/vinasfm.com\/noticias\/wp-json\/wp\/v2\/media\/159121"}],"wp:attachment":[{"href":"https:\/\/vinasfm.com\/noticias\/wp-json\/wp\/v2\/media?parent=159115"}],"wp:term":[{"taxonomy":"category","embeddable":true,"href":"https:\/\/vinasfm.com\/noticias\/wp-json\/wp\/v2\/categories?post=159115"},{"taxonomy":"post_tag","embeddable":true,"href":"https:\/\/vinasfm.com\/noticias\/wp-json\/wp\/v2\/tags?post=159115"}],"curies":[{"name":"wp","href":"https:\/\/api.w.org\/{rel}","templated":true}]}}