{"id":159103,"date":"2026-04-03T08:19:36","date_gmt":"2026-04-03T11:19:36","guid":{"rendered":"https:\/\/vinasfm.com\/noticias\/?p=159103"},"modified":"2026-04-04T10:26:47","modified_gmt":"2026-04-04T13:26:47","slug":"plan-contra-el-abigeato-decomisan-13-kg-de-carne-en-mal-estado-en-el-sur-provincial","status":"publish","type":"post","link":"https:\/\/vinasfm.com\/noticias\/plan-contra-el-abigeato-decomisan-13-kg-de-carne-en-mal-estado-en-el-sur-provincial\/","title":{"rendered":"PLAN CONTRA EL ABIGEATO: DECOMISAN 13 KG DE CARNE EN MAL ESTADO EN EL SUR PROVINCIAL"},"content":{"rendered":"<h4><strong>Los controles se realizaron en comercios de General Alvear junto a Bromatolog\u00eda municipal, donde se detectaron fallas en la conservaci\u00f3n y trazabilidad de alimentos. En San Rafael, en un procedimiento independiente, se incautaron animales y restos protegidos por ley.<\/strong><\/h4>\n<p>En el marco del Plan Estrat\u00e9gico contra el Abigeato, la Polic\u00eda Rural llev\u00f3 adelante operativos en conjunto con \u00e1reas de Bromatolog\u00eda de General Alvear, que permitieron detectar irregularidades en productos c\u00e1rnicos comercializados en distintos locales.<\/p>\n<p>El primer procedimiento se realiz\u00f3 en un comercio ubicado en calle San Miguel Arc\u00e1ngel, donde se decomisaron 3,690 kilos de carne molida y 4,075 kilos de pollo por no cumplir con las condiciones sanitarias. La responsable del local fue identificada y se iniciaron actuaciones por infracci\u00f3n al art\u00edculo 201 del C\u00f3digo Penal.<\/p>\n<p>En un segundo operativo, en inmediaciones de calles Pi\u00e9rola y Agust\u00edn \u00c1lvarez, se secuestraron 5,145 kilos de carne molida en condiciones irregulares, por lo que tambi\u00e9n se dispusieron actuaciones judiciales.<\/p>\n<p>Un tercer control, en la zona de calles Chapeaurouge y Santa Fe, permiti\u00f3 constatar nuevas infracciones en productos alimenticios. La responsable del comercio fue individualizada y se labraron las actuaciones correspondientes.<\/p>\n<p>Por otra parte, en San Rafael, personal de Polic\u00eda Rural intervino en una vivienda de calle B\u00e9lgica, a solicitud de Polic\u00eda de Investigaciones. En el lugar se constat\u00f3 la tenencia de fauna silvestre y sus derivados.<\/p>\n<p>Durante el procedimiento se secuestraron dos ejemplares de piche faenados, caparazones, un \u00e1guila embalsamada, un ofidio embalsamado y otros restos de animales. Por disposici\u00f3n de la Oficina Fiscal de la Comisar\u00eda 32\u00b0, los elementos fueron incautados y los involucrados quedaron aprehendidos por infracci\u00f3n a la Ley 22.421.<\/p>\n","protected":false},"excerpt":{"rendered":"<p>Los controles se realizaron en comercios de General Alvear junto a Bromatolog\u00eda municipal, donde se detectaron fallas en la conservaci\u00f3n y &#8230;<\/p>\n","protected":false},"author":7,"featured_media":159104,"comment_status":"open","ping_status":"open","sticky":false,"template":"","format":"standard","meta":{"footnotes":""},"categories":[5,4],"tags":[],"class_list":["post-159103","post","type-post","status-publish","format-standard","has-post-thumbnail","hentry","category-actualidad","category-policiales"],"_links":{"self":[{"href":"https:\/\/vinasfm.com\/noticias\/wp-json\/wp\/v2\/posts\/159103","targetHints":{"allow":["GET"]}}],"collection":[{"href":"https:\/\/vinasfm.com\/noticias\/wp-json\/wp\/v2\/posts"}],"about":[{"href":"https:\/\/vinasfm.com\/noticias\/wp-json\/wp\/v2\/types\/post"}],"author":[{"embeddable":true,"href":"https:\/\/vinasfm.com\/noticias\/wp-json\/wp\/v2\/users\/7"}],"replies":[{"embeddable":true,"href":"https:\/\/vinasfm.com\/noticias\/wp-json\/wp\/v2\/comments?post=159103"}],"version-history":[{"count":1,"href":"https:\/\/vinasfm.com\/noticias\/wp-json\/wp\/v2\/posts\/159103\/revisions"}],"predecessor-version":[{"id":159105,"href":"https:\/\/vinasfm.com\/noticias\/wp-json\/wp\/v2\/posts\/159103\/revisions\/159105"}],"wp:featuredmedia":[{"embeddable":true,"href":"https:\/\/vinasfm.com\/noticias\/wp-json\/wp\/v2\/media\/159104"}],"wp:attachment":[{"href":"https:\/\/vinasfm.com\/noticias\/wp-json\/wp\/v2\/media?parent=159103"}],"wp:term":[{"taxonomy":"category","embeddable":true,"href":"https:\/\/vinasfm.com\/noticias\/wp-json\/wp\/v2\/categories?post=159103"},{"taxonomy":"post_tag","embeddable":true,"href":"https:\/\/vinasfm.com\/noticias\/wp-json\/wp\/v2\/tags?post=159103"}],"curies":[{"name":"wp","href":"https:\/\/api.w.org\/{rel}","templated":true}]}}