{"id":159094,"date":"2026-04-02T11:53:36","date_gmt":"2026-04-02T14:53:36","guid":{"rendered":"https:\/\/vinasfm.com\/noticias\/?p=159094"},"modified":"2026-04-03T09:01:59","modified_gmt":"2026-04-03T12:01:59","slug":"certificado-unico-de-discapacidad-los-motivos-menos-conocidos-por-los-que-pueden-negartelo-y-como-evitarlos","status":"publish","type":"post","link":"https:\/\/vinasfm.com\/noticias\/certificado-unico-de-discapacidad-los-motivos-menos-conocidos-por-los-que-pueden-negartelo-y-como-evitarlos\/","title":{"rendered":"CERTIFICADO \u00daNICO DE DISCAPACIDAD: LOS MOTIVOS MENOS CONOCIDOS POR LOS QUE PUEDEN NEG\u00c1RTELO Y C\u00d3MO EVITARLOS"},"content":{"rendered":"<h4><strong>El Certificado \u00danico de Discapacidad (CUD) es un documento clave en Argentina, ya que permite acceder a derechos, beneficios y prestaciones contemplados por la ley. Sin embargo, muchas personas se sorprenden al recibir una respuesta negativa tras iniciar el tr\u00e1mite. Aunque el rechazo puede resultar frustrante, en la mayor\u00eda de los casos tiene causas concretas que pueden corregirse.<\/strong><\/h4>\n<p><span class=\"sigijh_hlt sigijh_animateMe\">Conocer\u00a0<strong>por qu\u00e9 pueden no otorgarte el CUD<\/strong>\u00a0es fundamental para evitar errores, preparar mejor la evaluaci\u00f3n y aumentar las posibilidades de aprobaci\u00f3n en una nueva solicitud.<\/span><\/p>\n<h2 class=\"wp-block-heading\">Qu\u00e9 es el Certificado \u00danico de Discapacidad y para qu\u00e9 sirve<\/h2>\n<p>El CUD es un documento oficial que acredita la existencia de una discapacidad permanente o prolongada. Su otorgamiento permite acceder, entre otros beneficios, a\u00a0<strong>cobertura integral de prestaciones de salud<\/strong>, transporte gratuito, asignaciones familiares, exenciones impositivas y prioridad en ciertos programas sociales.<\/p>\n<p><span class=\"sigijh_hlt sigijh_animateMe\">La evaluaci\u00f3n est\u00e1 a cargo de una\u00a0<strong>Junta Evaluadora interdisciplinaria<\/strong>, que analiza cada caso de acuerdo a criterios m\u00e9dicos, sociales y funcionales.<\/span><\/p>\n<h2 class=\"wp-block-heading\">Motivos m\u00e1s frecuentes por los que pueden rechazar el CUD<\/h2>\n<h3 class=\"wp-block-heading\">1. La condici\u00f3n no encuadra dentro del concepto legal de discapacidad<\/h3>\n<p>Uno de los principales motivos de rechazo ocurre cuando la patolog\u00eda o condici\u00f3n presentada\u00a0<strong>no genera una limitaci\u00f3n funcional significativa<\/strong>, seg\u00fan los criterios vigentes. No todas las enfermedades, diagn\u00f3sticos o tratamientos implican autom\u00e1ticamente una discapacidad reconocida por la normativa.<\/p>\n<p>La Junta analiza c\u00f3mo esa condici\u00f3n impacta en la vida diaria, el trabajo, la movilidad, la comunicaci\u00f3n o la autonom\u00eda personal.<\/p>\n<h3 class=\"wp-block-heading\">2. Falta de documentaci\u00f3n m\u00e9dica completa o actualizada<\/h3>\n<p>La presentaci\u00f3n de estudios viejos, incompletos o poco claros es una causa muy com\u00fan de denegaci\u00f3n. Para evaluar correctamente, se requieren:<\/p>\n<ul class=\"wp-block-list\">\n<li>Informes m\u00e9dicos recientes<\/li>\n<li>Diagn\u00f3stico preciso<\/li>\n<li>Estudios complementarios actualizados<\/li>\n<li>Firma y sello del profesional tratante<\/li>\n<\/ul>\n<p>Si la documentaci\u00f3n no permite constatar la situaci\u00f3n actual del solicitante, el certificado puede no ser otorgado.<\/p>\n<h3 class=\"wp-block-heading\">3. Diagn\u00f3sticos transitorios o en proceso de rehabilitaci\u00f3n<\/h3>\n<p>Las condiciones\u00a0<strong>temporales o en evoluci\u00f3n<\/strong>, como lesiones recientes, tratamientos postoperatorios o cuadros con pron\u00f3stico de recuperaci\u00f3n completa, suelen no cumplir con los criterios para la emisi\u00f3n del CUD.<\/p>\n<p>El certificado est\u00e1 destinado a discapacidades\u00a0<strong>permanentes o de largo plazo<\/strong>, no a situaciones pasajeras.<\/p>\n<h3 class=\"wp-block-heading\">4. Inconsistencias entre lo declarado y la evaluaci\u00f3n<\/h3>\n<p>Si existe una diferencia significativa entre lo informado en los formularios y lo que observa la Junta durante la evaluaci\u00f3n presencial, esto puede jugar en contra del solicitante. La coherencia entre la documentaci\u00f3n, el relato y la evaluaci\u00f3n funcional es clave para una resoluci\u00f3n favorable.<\/p>\n<h3 class=\"wp-block-heading\">5. No presentarse a la evaluaci\u00f3n o llegar con informaci\u00f3n incompleta<\/h3>\n<p>No asistir a la cita, llegar fuera de horario o sin los documentos solicitados puede llevar directamente al rechazo del tr\u00e1mite. En algunos casos, se considera como desistimiento autom\u00e1tico.<\/p>\n<h2 class=\"wp-block-heading\">Qu\u00e9 hacer si te rechazan el Certificado \u00danico de Discapacidad<\/h2>\n<p>Un rechazo\u00a0<strong>no significa que no puedas volver a intentarlo<\/strong>. Entre las acciones recomendadas se encuentran:<\/p>\n<ul class=\"wp-block-list\">\n<li>Solicitar el motivo espec\u00edfico de la denegaci\u00f3n<\/li>\n<li>Actualizar y reforzar la documentaci\u00f3n m\u00e9dica<\/li>\n<li>Incluir informes de especialistas acordes a la patolog\u00eda<\/li>\n<li>Volver a iniciar el tr\u00e1mite una vez cumplidos los requisitos<\/li>\n<\/ul>\n<p>Tambi\u00e9n es posible pedir una\u00a0<strong>reconsideraci\u00f3n<\/strong>\u00a0o asesorarse con profesionales de salud o trabajadores sociales especializados.<\/p>\n<h2 class=\"wp-block-heading\">Consejos clave para aumentar las chances de aprobaci\u00f3n<\/h2>\n<ul class=\"wp-block-list\">\n<li>Presentar documentaci\u00f3n clara, completa y reciente<\/li>\n<li>Explicar c\u00f3mo la condici\u00f3n afecta la vida cotidiana<\/li>\n<li>Llevar informes funcionales, no solo diagn\u00f3sticos<\/li>\n<li>Prepararse para la entrevista con la Junta Evaluadora<\/li>\n<\/ul>\n<h2 class=\"wp-block-heading\">Una evaluaci\u00f3n integral y personalizada<\/h2>\n<p>Cada caso es \u00fanico y la Junta Evaluadora analiza mucho m\u00e1s que un diagn\u00f3stico m\u00e9dico. El foco est\u00e1 puesto en el\u00a0<strong>impacto real de la condici\u00f3n en la autonom\u00eda y participaci\u00f3n social<\/strong>\u00a0de la persona.<\/p>\n<p><span class=\"sigijh_hlt sigijh_animateMe\">Contar con informaci\u00f3n adecuada y comprender el proceso puede marcar la diferencia entre un tr\u00e1mite rechazado y uno aprobado.<\/span><\/p>\n<p>Fuente: Canal 26<\/p>\n","protected":false},"excerpt":{"rendered":"<p>El Certificado \u00danico de Discapacidad (CUD) es un documento clave en Argentina, ya que permite acceder a derechos, beneficios y prestaciones &#8230;<\/p>\n","protected":false},"author":7,"featured_media":145406,"comment_status":"open","ping_status":"open","sticky":false,"template":"","format":"standard","meta":{"footnotes":""},"categories":[5,10],"tags":[],"class_list":["post-159094","post","type-post","status-publish","format-standard","has-post-thumbnail","hentry","category-actualidad","category-destacadas"],"_links":{"self":[{"href":"https:\/\/vinasfm.com\/noticias\/wp-json\/wp\/v2\/posts\/159094","targetHints":{"allow":["GET"]}}],"collection":[{"href":"https:\/\/vinasfm.com\/noticias\/wp-json\/wp\/v2\/posts"}],"about":[{"href":"https:\/\/vinasfm.com\/noticias\/wp-json\/wp\/v2\/types\/post"}],"author":[{"embeddable":true,"href":"https:\/\/vinasfm.com\/noticias\/wp-json\/wp\/v2\/users\/7"}],"replies":[{"embeddable":true,"href":"https:\/\/vinasfm.com\/noticias\/wp-json\/wp\/v2\/comments?post=159094"}],"version-history":[{"count":1,"href":"https:\/\/vinasfm.com\/noticias\/wp-json\/wp\/v2\/posts\/159094\/revisions"}],"predecessor-version":[{"id":159095,"href":"https:\/\/vinasfm.com\/noticias\/wp-json\/wp\/v2\/posts\/159094\/revisions\/159095"}],"wp:featuredmedia":[{"embeddable":true,"href":"https:\/\/vinasfm.com\/noticias\/wp-json\/wp\/v2\/media\/145406"}],"wp:attachment":[{"href":"https:\/\/vinasfm.com\/noticias\/wp-json\/wp\/v2\/media?parent=159094"}],"wp:term":[{"taxonomy":"category","embeddable":true,"href":"https:\/\/vinasfm.com\/noticias\/wp-json\/wp\/v2\/categories?post=159094"},{"taxonomy":"post_tag","embeddable":true,"href":"https:\/\/vinasfm.com\/noticias\/wp-json\/wp\/v2\/tags?post=159094"}],"curies":[{"name":"wp","href":"https:\/\/api.w.org\/{rel}","templated":true}]}}