{"id":159074,"date":"2026-04-02T09:30:43","date_gmt":"2026-04-02T12:30:43","guid":{"rendered":"https:\/\/vinasfm.com\/noticias\/?p=159074"},"modified":"2026-04-02T16:42:15","modified_gmt":"2026-04-02T19:42:15","slug":"se-viene-una-nueva-edicion-del-tradicional-dia-de-campo-y-avanzan-los-preparativos-para-la-45o-fiesta-nacional-de-la-ganaderia","status":"publish","type":"post","link":"https:\/\/vinasfm.com\/noticias\/se-viene-una-nueva-edicion-del-tradicional-dia-de-campo-y-avanzan-los-preparativos-para-la-45o-fiesta-nacional-de-la-ganaderia\/","title":{"rendered":"SE VIENE UNA NUEVA EDICI\u00d3N DEL TRADICIONAL D\u00cdA DE CAMPO Y AVANZAN LOS PREPARATIVOS PARA LA 45\u00ba FIESTA NACIONAL DE LA GANADER\u00cdA"},"content":{"rendered":"<h4><strong>Avanzan los preparativos para el D\u00eda de Campo cuya venta de entradas ha sido positiva.<\/strong><\/h4>\n<p>El predio donde se realizar\u00e1 la actividad esta ubicado a unos 20 minutos de la ciudad, ofrecer\u00e1 una experiencia vinculada a la<strong><span style=\"color: #339966;\"> producci\u00f3n ganadera bajo riego<\/span><\/strong>, con <strong><span style=\"color: #339966;\">tecnolog\u00eda como pivotes<\/span><\/strong> y <strong><span style=\"color: #339966;\">paneles solares<\/span><\/strong>.<\/p>\n<p>En este sentido, se trabaja en facilitar el <strong><span style=\"color: #339966;\">acceso del p\u00fablico<\/span><\/strong> mediante un<strong><span style=\"color: #339966;\"> servicio de transporte<\/span><\/strong> ida y vuelta desde la C\u00e1mara de Comercio hasta el predio. El mismo tendr\u00e1 un costo de <strong>15.000 pesos<\/strong> por persona y deber\u00e1 reservarse previamente.<\/p>\n<h2><strong>FIESTA DE LA GANADER\u00cdA &#8211; PREPARATIVOS<\/strong><\/h2>\n<p>De cara a una nueva edici\u00f3n de la fiesta, desde la organizaci\u00f3n confirmaron que el pr\u00f3ximo <strong><span style=\"color: #800080;\">11 de abril<\/span><\/strong> se realizar\u00e1 uno de los eventos m\u00e1s emblem\u00e1ticos, los tradicionales <strong><span style=\"color: #800080;\">costillares al ensartador<\/span><\/strong>, una propuesta que a\u00f1o a a\u00f1o convoca a vecinos y visitantes.<\/p>\n<p>Para esta edici\u00f3n, se prev\u00e9 la preparaci\u00f3n de<strong><span style=\"color: #800080;\"> 35 costillares y 40 vac\u00edo<\/span><\/strong>s, adem\u00e1s del regreso del locro, una de las opciones m\u00e1s esperadas por el p\u00fablico, tambi\u00e9n habr\u00e1 una entrada con chorizos, ampliando la propuesta gastron\u00f3mica.<\/p>\n<p>En cuanto a la <strong><span style=\"color: #800080;\">grilla art\u00edstica<\/span><\/strong>, adelantaron que ser\u00e1 dada a conocer pr\u00f3ximamente y que contar\u00e1 con una fuerte presencia de artistas locales, adem\u00e1s de propuestas de distintos puntos del pa\u00eds. Tambi\u00e9n se trabaja en la implementaci\u00f3n de combos accesibles para que el p\u00fablico pueda disfrutar de todas las noches de la fiesta.<\/p>\n","protected":false},"excerpt":{"rendered":"<p>Avanzan los preparativos para el D\u00eda de Campo cuya venta de entradas ha sido positiva. El predio donde se realizar\u00e1 la &#8230;<\/p>\n","protected":false},"author":7,"featured_media":159075,"comment_status":"open","ping_status":"open","sticky":false,"template":"","format":"standard","meta":{"footnotes":""},"categories":[5,10],"tags":[],"class_list":["post-159074","post","type-post","status-publish","format-standard","has-post-thumbnail","hentry","category-actualidad","category-destacadas"],"_links":{"self":[{"href":"https:\/\/vinasfm.com\/noticias\/wp-json\/wp\/v2\/posts\/159074","targetHints":{"allow":["GET"]}}],"collection":[{"href":"https:\/\/vinasfm.com\/noticias\/wp-json\/wp\/v2\/posts"}],"about":[{"href":"https:\/\/vinasfm.com\/noticias\/wp-json\/wp\/v2\/types\/post"}],"author":[{"embeddable":true,"href":"https:\/\/vinasfm.com\/noticias\/wp-json\/wp\/v2\/users\/7"}],"replies":[{"embeddable":true,"href":"https:\/\/vinasfm.com\/noticias\/wp-json\/wp\/v2\/comments?post=159074"}],"version-history":[{"count":1,"href":"https:\/\/vinasfm.com\/noticias\/wp-json\/wp\/v2\/posts\/159074\/revisions"}],"predecessor-version":[{"id":159076,"href":"https:\/\/vinasfm.com\/noticias\/wp-json\/wp\/v2\/posts\/159074\/revisions\/159076"}],"wp:featuredmedia":[{"embeddable":true,"href":"https:\/\/vinasfm.com\/noticias\/wp-json\/wp\/v2\/media\/159075"}],"wp:attachment":[{"href":"https:\/\/vinasfm.com\/noticias\/wp-json\/wp\/v2\/media?parent=159074"}],"wp:term":[{"taxonomy":"category","embeddable":true,"href":"https:\/\/vinasfm.com\/noticias\/wp-json\/wp\/v2\/categories?post=159074"},{"taxonomy":"post_tag","embeddable":true,"href":"https:\/\/vinasfm.com\/noticias\/wp-json\/wp\/v2\/tags?post=159074"}],"curies":[{"name":"wp","href":"https:\/\/api.w.org\/{rel}","templated":true}]}}