{"id":159071,"date":"2026-04-02T08:49:27","date_gmt":"2026-04-02T11:49:27","guid":{"rendered":"https:\/\/vinasfm.com\/noticias\/?p=159071"},"modified":"2026-04-02T16:04:53","modified_gmt":"2026-04-02T19:04:53","slug":"el-intendente-alejandro-molero-reconocio-a-la-joven-violinista-gretta-silvestre","status":"publish","type":"post","link":"https:\/\/vinasfm.com\/noticias\/el-intendente-alejandro-molero-reconocio-a-la-joven-violinista-gretta-silvestre\/","title":{"rendered":"EL INTENDENTE ALEJANDRO MOLERO RECONOCI\u00d3 A LA JOVEN VIOLINISTA GRETTA SILVESTRE"},"content":{"rendered":"<h4><strong>El Intendente Alejandro Molero recibi\u00f3 a Gretta Silvestre para brindarle un especial reconocimiento por ser seleccionada para participar en el Summer Camp J\u00f3venes Artistas del Conservatorio Reina Sof\u00eda, en Madrid, Espa\u00f1a, uno de los centros de formaci\u00f3n musical m\u00e1s prestigiosos del mundo.<\/strong><\/h4>\n<p>Desde la gesti\u00f3n, es fundamental acompa\u00f1ar y visibilizar el camino de los j\u00f3venes que, a trav\u00e9s del arte y el estudio, se convierten en embajadores de nuestro departamento ante el mundo.<\/p>\n","protected":false},"excerpt":{"rendered":"<p>El Intendente Alejandro Molero recibi\u00f3 a Gretta Silvestre para brindarle un especial reconocimiento por ser seleccionada para participar en el Summer &#8230;<\/p>\n","protected":false},"author":7,"featured_media":159072,"comment_status":"open","ping_status":"open","sticky":false,"template":"","format":"standard","meta":{"footnotes":""},"categories":[5,10],"tags":[],"class_list":["post-159071","post","type-post","status-publish","format-standard","has-post-thumbnail","hentry","category-actualidad","category-destacadas"],"_links":{"self":[{"href":"https:\/\/vinasfm.com\/noticias\/wp-json\/wp\/v2\/posts\/159071","targetHints":{"allow":["GET"]}}],"collection":[{"href":"https:\/\/vinasfm.com\/noticias\/wp-json\/wp\/v2\/posts"}],"about":[{"href":"https:\/\/vinasfm.com\/noticias\/wp-json\/wp\/v2\/types\/post"}],"author":[{"embeddable":true,"href":"https:\/\/vinasfm.com\/noticias\/wp-json\/wp\/v2\/users\/7"}],"replies":[{"embeddable":true,"href":"https:\/\/vinasfm.com\/noticias\/wp-json\/wp\/v2\/comments?post=159071"}],"version-history":[{"count":1,"href":"https:\/\/vinasfm.com\/noticias\/wp-json\/wp\/v2\/posts\/159071\/revisions"}],"predecessor-version":[{"id":159073,"href":"https:\/\/vinasfm.com\/noticias\/wp-json\/wp\/v2\/posts\/159071\/revisions\/159073"}],"wp:featuredmedia":[{"embeddable":true,"href":"https:\/\/vinasfm.com\/noticias\/wp-json\/wp\/v2\/media\/159072"}],"wp:attachment":[{"href":"https:\/\/vinasfm.com\/noticias\/wp-json\/wp\/v2\/media?parent=159071"}],"wp:term":[{"taxonomy":"category","embeddable":true,"href":"https:\/\/vinasfm.com\/noticias\/wp-json\/wp\/v2\/categories?post=159071"},{"taxonomy":"post_tag","embeddable":true,"href":"https:\/\/vinasfm.com\/noticias\/wp-json\/wp\/v2\/tags?post=159071"}],"curies":[{"name":"wp","href":"https:\/\/api.w.org\/{rel}","templated":true}]}}