{"id":159016,"date":"2026-03-31T10:51:57","date_gmt":"2026-03-31T13:51:57","guid":{"rendered":"https:\/\/vinasfm.com\/noticias\/?p=159016"},"modified":"2026-04-01T09:56:18","modified_gmt":"2026-04-01T12:56:18","slug":"ricardo-agustin-chiapa-recibio-un-diploma-de-honor-en-un-emotivo-homenaje-a-veteranos-de-malvinas","status":"publish","type":"post","link":"https:\/\/vinasfm.com\/noticias\/ricardo-agustin-chiapa-recibio-un-diploma-de-honor-en-un-emotivo-homenaje-a-veteranos-de-malvinas\/","title":{"rendered":"RICARDO AGUST\u00cdN CHIAPA RECIBI\u00d3 UN DIPLOMA DE HONOR EN UN EMOTIVO HOMENAJE A VETERANOS DE MALVINAS"},"content":{"rendered":"<h4><strong>En el marco de la \u00abSemana de Malvinas\u00bb y pr\u00f3ximo al 44\u00ba aniversario del D\u00eda del Veterano y de los Ca\u00eddos en la Guerra de Malvinas, el Senado de la Naci\u00f3n llev\u00f3 a cabo un acto de reconocimiento en el Sal\u00f3n San Mart\u00edn, a partir de las 16 horas. La ceremonia, organizada por la Direcci\u00f3n Gesta de Malvinas, a cargo de Nicol\u00e1s Kasanzew, incluy\u00f3 la entrega de diplomas de honor a veteranos de guerra y la participaci\u00f3n de la Agrupaci\u00f3n Musical de la Polic\u00eda de la Ciudad de Buenos Aires.<\/strong><\/h4>\n<p>Chiapa fue distinguido junto a otros h\u00e9roes de las Fuerzas Armadas en una ceremonia cargada de patriotismo. Un reconocimiento que reafirma el v\u00ednculo del departamento con sus veteranos y la memoria de la epopeya del Atl\u00e1ntico Sur.<\/p>\n<p>En di\u00e1logo con <strong><span style=\"color: #800080;\">FM VI\u00d1AS<\/span><\/strong>, Ricardo expreso su agradecimiento por el recnocimiento otorgado: <em><strong>&#8216;es en honor a todos los que quedaron, o los cubr\u00eda con mi cuerpo y les daba aliento, eran como mis hijos<\/strong><\/em>&#8216;.<\/p>\n<p>Tambi\u00e9n record\u00f3 un episodio en el que result\u00f3 herido durante un bombardeo seg\u00fan relat\u00f3 tras decidir dormir fuera del pozo en el que se resguardaban, una explosi\u00f3n lo sorprendi\u00f3 y le provoc\u00f3 una herida en la cabeza a pesar de ello continu\u00f3 en combate: <em><strong>&#8216;no pod\u00eda abandonar a mis soldados, nunca lo hice&#8217;<\/strong><\/em>, sostuvo.<\/p>\n<p><strong><span style=\"color: #800080;\">Ricardo Chiapa<\/span><\/strong> reside desde hace d\u00e9cadas en General Alvear, destac\u00f3 su fuerte v\u00ednculo con el departamento: <em><strong>&#8216;hace 40 a\u00f1os que vivo all\u00ed, tengo mis hijos, mis nietos, mi casa es mi lugar en el mundo&#8217;<\/strong><\/em>, expres\u00f3.<\/p>\n<p>Por cuestiones de agenda, no podr\u00e1 estar presente en los actos y la vigilia por Malvinas en Alvear, pero asegur\u00f3 que acompa\u00f1ar\u00e1 <strong><span style=\"color: #800080;\">\u201ccon el coraz\u00f3n\u201d<\/span><\/strong>.<\/p>\n<p>Adem\u00e1s, envi\u00f3 un saludo especial a los <strong><span style=\"color: #800080;\">excombatientes<\/span><\/strong> y a la <strong><span style=\"color: #800080;\">comunidad local<\/span><\/strong>, resaltando el trabajo de la agrupaci\u00f3n <strong><span style=\"color: #800080;\">\u201c2 de Abril\u201d<\/span><\/strong> y el reconocimiento del departamento como ciudad malvinera.<\/p>\n","protected":false},"excerpt":{"rendered":"<p>En el marco de la \u00abSemana de Malvinas\u00bb y pr\u00f3ximo al 44\u00ba aniversario del D\u00eda del Veterano y de los Ca\u00eddos &#8230;<\/p>\n","protected":false},"author":7,"featured_media":159017,"comment_status":"open","ping_status":"open","sticky":false,"template":"","format":"standard","meta":{"footnotes":""},"categories":[5,10],"tags":[],"class_list":["post-159016","post","type-post","status-publish","format-standard","has-post-thumbnail","hentry","category-actualidad","category-destacadas"],"_links":{"self":[{"href":"https:\/\/vinasfm.com\/noticias\/wp-json\/wp\/v2\/posts\/159016","targetHints":{"allow":["GET"]}}],"collection":[{"href":"https:\/\/vinasfm.com\/noticias\/wp-json\/wp\/v2\/posts"}],"about":[{"href":"https:\/\/vinasfm.com\/noticias\/wp-json\/wp\/v2\/types\/post"}],"author":[{"embeddable":true,"href":"https:\/\/vinasfm.com\/noticias\/wp-json\/wp\/v2\/users\/7"}],"replies":[{"embeddable":true,"href":"https:\/\/vinasfm.com\/noticias\/wp-json\/wp\/v2\/comments?post=159016"}],"version-history":[{"count":1,"href":"https:\/\/vinasfm.com\/noticias\/wp-json\/wp\/v2\/posts\/159016\/revisions"}],"predecessor-version":[{"id":159018,"href":"https:\/\/vinasfm.com\/noticias\/wp-json\/wp\/v2\/posts\/159016\/revisions\/159018"}],"wp:featuredmedia":[{"embeddable":true,"href":"https:\/\/vinasfm.com\/noticias\/wp-json\/wp\/v2\/media\/159017"}],"wp:attachment":[{"href":"https:\/\/vinasfm.com\/noticias\/wp-json\/wp\/v2\/media?parent=159016"}],"wp:term":[{"taxonomy":"category","embeddable":true,"href":"https:\/\/vinasfm.com\/noticias\/wp-json\/wp\/v2\/categories?post=159016"},{"taxonomy":"post_tag","embeddable":true,"href":"https:\/\/vinasfm.com\/noticias\/wp-json\/wp\/v2\/tags?post=159016"}],"curies":[{"name":"wp","href":"https:\/\/api.w.org\/{rel}","templated":true}]}}