{"id":158981,"date":"2026-03-30T10:03:06","date_gmt":"2026-03-30T13:03:06","guid":{"rendered":"https:\/\/vinasfm.com\/noticias\/?p=158981"},"modified":"2026-03-31T09:27:44","modified_gmt":"2026-03-31T12:27:44","slug":"general-alvear-obtuvo-dos-titulos-provinciales-en-ajedrez","status":"publish","type":"post","link":"https:\/\/vinasfm.com\/noticias\/general-alvear-obtuvo-dos-titulos-provinciales-en-ajedrez\/","title":{"rendered":"GENERAL ALVEAR OBTUVO DOS T\u00cdTULOS PROVINCIALES EN AJEDREZ"},"content":{"rendered":"<h4>General Alvear particip\u00f3 de las Finales Provinciales de Ajedrez 2026 que se disputaron en el departamento de Las Heras, con una delegaci\u00f3n de 23 jugadores, acompa\u00f1ados por la Direcci\u00f3n de Deportes.<\/h4>\n<p>El departamento logr\u00f3 dos campeonatos provinciales:<strong><span style=\"color: #800080;\"> Santiago Dur\u00e1n<\/span><\/strong> se consagr\u00f3 en la categor\u00eda Sub 8, mientras que <strong><span style=\"color: #800080;\">Camilo Lieby<\/span><\/strong> obtuvo el t\u00edtulo en Sub 20 de manera invicta.<\/p>\n<p>Adem\u00e1s, la delegaci\u00f3n alcanz\u00f3 tres subcampeonatos y dos terceros puestos, consolidando una destacada actuaci\u00f3n en el certamen.<\/p>\n<p>El profesor <strong><span style=\"color: #800080;\">Sebasti\u00e1n Lieby<\/span><\/strong> valor\u00f3 tanto los resultados como la experiencia del grupo: <em><strong>\u201cfuimos con muchos chicos con trayectoria, pero tambi\u00e9n con varios que ten\u00edan su primera experiencia en este nivel. La verdad es que estamos muy contentos porque les ha ido muy bien\u201d<\/strong><\/em>.<\/p>\n<p>En ese sentido, remarc\u00f3 la importancia de estas competencias m\u00e1s all\u00e1 de lo deportivo: <em><strong>\u201cno solo sobre el tablero, la experiencia ha sido muy linda. Los viajes y la convivencia hacen que los chicos sigan participando y creciendo\u201d<\/strong><\/em>.<\/p>\n<p>Sobre el nivel alcanzado, destac\u00f3: <em><strong>\u201csab\u00edamos que ten\u00edamos chances de que nos fuera bien y afortunadamente los chicos pudieron demostrar el nivel que tienen\u201d<\/strong><\/em>.<\/p>\n<p>A partir de estos resultados, tres jugadores clasificaron a la final nacional: <strong><span style=\"color: #800080;\">Camilo Lieby<\/span><\/strong> (Sub 20), <strong><span style=\"color: #800080;\">El\u00edas Matus<\/span><\/strong> (Sub 18) y <strong><span style=\"color: #800080;\">Juan Sebasti\u00e1n Lieby<\/span><\/strong> (tercer puesto en Sub 18), quienes competir\u00e1n en el Ajedrez Stadium de Villa Martelli, en Buenos Aires.<\/p>\n<p>&nbsp;<\/p>\n","protected":false},"excerpt":{"rendered":"<p>General Alvear particip\u00f3 de las Finales Provinciales de Ajedrez 2026 que se disputaron en el departamento de Las Heras, con una &#8230;<\/p>\n","protected":false},"author":7,"featured_media":158989,"comment_status":"open","ping_status":"open","sticky":false,"template":"","format":"standard","meta":{"footnotes":""},"categories":[5,3],"tags":[],"class_list":["post-158981","post","type-post","status-publish","format-standard","has-post-thumbnail","hentry","category-actualidad","category-deportes"],"_links":{"self":[{"href":"https:\/\/vinasfm.com\/noticias\/wp-json\/wp\/v2\/posts\/158981","targetHints":{"allow":["GET"]}}],"collection":[{"href":"https:\/\/vinasfm.com\/noticias\/wp-json\/wp\/v2\/posts"}],"about":[{"href":"https:\/\/vinasfm.com\/noticias\/wp-json\/wp\/v2\/types\/post"}],"author":[{"embeddable":true,"href":"https:\/\/vinasfm.com\/noticias\/wp-json\/wp\/v2\/users\/7"}],"replies":[{"embeddable":true,"href":"https:\/\/vinasfm.com\/noticias\/wp-json\/wp\/v2\/comments?post=158981"}],"version-history":[{"count":1,"href":"https:\/\/vinasfm.com\/noticias\/wp-json\/wp\/v2\/posts\/158981\/revisions"}],"predecessor-version":[{"id":158982,"href":"https:\/\/vinasfm.com\/noticias\/wp-json\/wp\/v2\/posts\/158981\/revisions\/158982"}],"wp:featuredmedia":[{"embeddable":true,"href":"https:\/\/vinasfm.com\/noticias\/wp-json\/wp\/v2\/media\/158989"}],"wp:attachment":[{"href":"https:\/\/vinasfm.com\/noticias\/wp-json\/wp\/v2\/media?parent=158981"}],"wp:term":[{"taxonomy":"category","embeddable":true,"href":"https:\/\/vinasfm.com\/noticias\/wp-json\/wp\/v2\/categories?post=158981"},{"taxonomy":"post_tag","embeddable":true,"href":"https:\/\/vinasfm.com\/noticias\/wp-json\/wp\/v2\/tags?post=158981"}],"curies":[{"name":"wp","href":"https:\/\/api.w.org\/{rel}","templated":true}]}}