{"id":158957,"date":"2026-03-28T12:49:27","date_gmt":"2026-03-28T15:49:27","guid":{"rendered":"https:\/\/vinasfm.com\/noticias\/?p=158957"},"modified":"2026-03-30T10:03:01","modified_gmt":"2026-03-30T13:03:01","slug":"llancanelo-fue-reconocida-como-sitio-clave-para-las-aves-migratorias-y-avanzo-en-un-acuerdo-para-fortalecer-su-conservacion","status":"publish","type":"post","link":"https:\/\/vinasfm.com\/noticias\/llancanelo-fue-reconocida-como-sitio-clave-para-las-aves-migratorias-y-avanzo-en-un-acuerdo-para-fortalecer-su-conservacion\/","title":{"rendered":"LLANCANELO FUE RECONOCIDA COMO SITIO CLAVE PARA LAS AVES MIGRATORIAS Y AVANZ\u00d3 EN UN ACUERDO PARA FORTALECER SU CONSERVACI\u00d3N"},"content":{"rendered":"<h4 class=\"wp-block-heading\">El humedal mendocino ingres\u00f3 a la Red Hemisf\u00e9rica de Reservas de Aves Playeras y fue presentado oficialmente en Malarg\u00fce, donde se firm\u00f3 un acta compromiso para impulsar su protecci\u00f3n, uso responsable y v\u00ednculo con la comunidad.<\/h4>\n<p>La Laguna de Llancanelo, ubicada en el departamento de Malarg\u00fce, fue incorporada oficialmente a la Red Hemisf\u00e9rica de Reservas de Aves Playeras (RHRAP\/WHSRN), consolid\u00e1ndose como un sitio de relevancia global para la conservaci\u00f3n de aves migratorias en el continente americano.<\/p>\n<p>El reconocimiento internacional se alcanz\u00f3 a partir de evidencia cient\u00edfica que confirm\u00f3 el rol estrat\u00e9gico del humedal como \u00e1rea de descanso y alimentaci\u00f3n para especies que recorren hasta 16.000 kil\u00f3metros en sus rutas migratorias. Este hito posicion\u00f3 a Mendoza en la agenda internacional de la conservaci\u00f3n y fortaleci\u00f3 su sistema de \u00e1reas naturales protegidas.<\/p>\n<p>En este contexto, el Ministerio de Energ\u00eda y Ambiente llev\u00f3 adelante el acto oficial de presentaci\u00f3n de la nominaci\u00f3n en el Centro de Convenciones Thesaurus, en Malarg\u00fce. Durante la jornada, adem\u00e1s, se firm\u00f3 un Acta Compromiso de cooperaci\u00f3n interinstitucional orientada a fortalecer la conservaci\u00f3n y puesta en valor del \u00e1rea.<\/p>\n<p>El acuerdo fue suscripto por la Municipalidad de Malarg\u00fce, el Gobierno de Mendoza y organizaciones de la sociedad civil vinculadas a la Red Hemisf\u00e9rica, quienes reconocieron a Llancanelo como un humedal de alto valor ambiental, cient\u00edfico, educativo y tur\u00edstico.<\/p>\n<p>A trav\u00e9s de este instrumento, las instituciones se comprometieron a impulsar acciones conjuntas en tres ejes principales: el desarrollo de turismo de naturaleza y uso p\u00fablico responsable, la capacitaci\u00f3n y sensibilizaci\u00f3n de la comunidad, y la promoci\u00f3n de la participaci\u00f3n local en la valoraci\u00f3n y cuidado del patrimonio natural.<\/p>\n<p>El director de \u00c1reas Protegidas del Ministerio de Energ\u00eda y Ambiente, Iv\u00e1n Funes Pinter, destac\u00f3: \u201cEste reconocimiento internacional marc\u00f3 un punto de inflexi\u00f3n. A partir de ahora, el desaf\u00edo es profundizar el trabajo conjunto para garantizar la conservaci\u00f3n del humedal y, al mismo tiempo, promover un desarrollo local sostenible vinculado a su valor ambiental\u201d.<\/p>\n<p>Entre los resultados que respaldaron la designaci\u00f3n, se determin\u00f3 que Llancanelo alberg\u00f3 de manera regular m\u00e1s del 1 % de la poblaci\u00f3n mundial del playero de Baird (Calidris bairdii), uno de los criterios m\u00e1s exigentes a nivel internacional para definir \u00e1reas prioritarias de conservaci\u00f3n. Durante los relevamientos se registraron m\u00e1s de 4.300 individuos en enero de 2024 y un m\u00e1ximo de 5.458 ejemplares en diciembre del mismo a\u00f1o.<\/p>\n<p>Por su parte, el director de Biodiversidad y Ecoparque, Ignacio Haudet, subray\u00f3: \u201cLa incorporaci\u00f3n de Llancanelo a la Red Hemisf\u00e9rica reflej\u00f3 una pol\u00edtica p\u00fablica que integra ciencia, gesti\u00f3n y territorio. Este tipo de acuerdos permiti\u00f3 dar un paso m\u00e1s: no solo conservar, sino tambi\u00e9n generar conciencia, capacidades y oportunidades para las comunidades vinculadas al \u00e1rea\u201d.<\/p>\n<p>Desde el equipo t\u00e9cnico que llev\u00f3 adelante el estudio, se destac\u00f3 que la Laguna de Llancanelo cumpli\u00f3 una funci\u00f3n esencial dentro de las rutas migratorias del continente, actuando como un punto clave de descanso y alimentaci\u00f3n para aves que viajan desde el hemisferio norte hasta el extremo sur de Am\u00e9rica.<\/p>\n<p>En ese sentido, el humedal funcion\u00f3 como una verdadera \u201cestaci\u00f3n de servicio\u201d para las aves migratorias, lo que reforz\u00f3 la necesidad de sostener pol\u00edticas de conservaci\u00f3n basadas en evidencia cient\u00edfica y articulaci\u00f3n institucional.<\/p>\n<p>\u201cEste reconocimiento pone en valor la riqueza ambiental de nuestro departamento y su importancia a nivel internacional\u201d, destac\u00f3 el intendente de Malarg\u00fce, Celso Jaque.<\/p>\n<p>En la misma l\u00ednea, destac\u00f3 que \u201ceste no es casual. La Laguna Llancanelo ya es una Reserva Natural Provincial, un \u00e1rea protegida de enorme relevancia ecol\u00f3gica, y adem\u00e1s es un sitio Ramsar, protegido por una de las convenciones ambientales m\u00e1s prestigiosas del mundo. Hoy, con esta nueva distinci\u00f3n hemisf\u00e9rica, reafirmamos su valor global y nuestra responsabilidad local\u201d<\/p>\n<p>Por \u00faltimo, Jaque destac\u00f3 que \u201cesta distinci\u00f3n no solo es un orgullo ambiental: es una oportunidad enorme para el desarrollo tur\u00edstico de la provincia de Mendoza en general y de Malarg\u00fce en particular\u201d.<\/p>\n<p>La firma del acta compromiso consolid\u00f3 una agenda de trabajo compartida entre el Estado y la sociedad civil, orientada a fortalecer la protecci\u00f3n del ecosistema y promover su integraci\u00f3n con el desarrollo local.<\/p>\n<p>De este modo, Mendoza avanz\u00f3 en un modelo de conservaci\u00f3n que no solo protegi\u00f3 la biodiversidad, sino que tambi\u00e9n incorpor\u00f3 a las comunidades en la gesti\u00f3n y valoraci\u00f3n de su patrimonio natural, posicionando a Llancanelo como un sitio estrat\u00e9gico dentro de las rutas migratorias del continente.<\/p>\n","protected":false},"excerpt":{"rendered":"<p>El humedal mendocino ingres\u00f3 a la Red Hemisf\u00e9rica de Reservas de Aves Playeras y fue presentado oficialmente en Malarg\u00fce, donde se &#8230;<\/p>\n","protected":false},"author":7,"featured_media":158958,"comment_status":"open","ping_status":"open","sticky":false,"template":"","format":"standard","meta":{"footnotes":""},"categories":[5,10],"tags":[],"class_list":["post-158957","post","type-post","status-publish","format-standard","has-post-thumbnail","hentry","category-actualidad","category-destacadas"],"_links":{"self":[{"href":"https:\/\/vinasfm.com\/noticias\/wp-json\/wp\/v2\/posts\/158957","targetHints":{"allow":["GET"]}}],"collection":[{"href":"https:\/\/vinasfm.com\/noticias\/wp-json\/wp\/v2\/posts"}],"about":[{"href":"https:\/\/vinasfm.com\/noticias\/wp-json\/wp\/v2\/types\/post"}],"author":[{"embeddable":true,"href":"https:\/\/vinasfm.com\/noticias\/wp-json\/wp\/v2\/users\/7"}],"replies":[{"embeddable":true,"href":"https:\/\/vinasfm.com\/noticias\/wp-json\/wp\/v2\/comments?post=158957"}],"version-history":[{"count":1,"href":"https:\/\/vinasfm.com\/noticias\/wp-json\/wp\/v2\/posts\/158957\/revisions"}],"predecessor-version":[{"id":158959,"href":"https:\/\/vinasfm.com\/noticias\/wp-json\/wp\/v2\/posts\/158957\/revisions\/158959"}],"wp:featuredmedia":[{"embeddable":true,"href":"https:\/\/vinasfm.com\/noticias\/wp-json\/wp\/v2\/media\/158958"}],"wp:attachment":[{"href":"https:\/\/vinasfm.com\/noticias\/wp-json\/wp\/v2\/media?parent=158957"}],"wp:term":[{"taxonomy":"category","embeddable":true,"href":"https:\/\/vinasfm.com\/noticias\/wp-json\/wp\/v2\/categories?post=158957"},{"taxonomy":"post_tag","embeddable":true,"href":"https:\/\/vinasfm.com\/noticias\/wp-json\/wp\/v2\/tags?post=158957"}],"curies":[{"name":"wp","href":"https:\/\/api.w.org\/{rel}","templated":true}]}}