{"id":158952,"date":"2026-03-28T10:42:28","date_gmt":"2026-03-28T13:42:28","guid":{"rendered":"https:\/\/vinasfm.com\/noticias\/?p=158952"},"modified":"2026-03-30T09:27:01","modified_gmt":"2026-03-30T12:27:01","slug":"tres-personas-fueron-detenidas-tras-robarle-a-un-repartidor","status":"publish","type":"post","link":"https:\/\/vinasfm.com\/noticias\/tres-personas-fueron-detenidas-tras-robarle-a-un-repartidor\/","title":{"rendered":"TRES PERSONAS FUERON DETENIDAS TRAS ROBARLE A UN REPARTIDOR"},"content":{"rendered":"<h4><strong>Un hecho de inseguridad ocurrido en General Alvear termin\u00f3 con tres personas detenidas luego de que le robaran a un repartidor de vinos en plena v\u00eda p\u00fablica.<\/strong><\/h4>\n<p>El episodio se registr\u00f3 alrededor de las 19:40 HS del viernes, en Alvear Oeste y Ameghino, jurisdicci\u00f3n de Comisar\u00eda 14.<\/p>\n<p>La v\u00edctima fue identificada como <strong>C.A.P<\/strong>. (76), quien se encontraba junto a un menor de 15 a\u00f1os.<\/p>\n<p>Seg\u00fan la informaci\u00f3n oficial, el repartidor hab\u00eda dejado su veh\u00edculo estacionado cuando fue sorprendido por varios sujetos, quienes aprovecharon la situaci\u00f3n para sustraer 12 cajas de vino y una mochila con \u00fatiles escolares.<\/p>\n<p>Tras el alerta, intervino personal policial junto con efectivos municipales, quienes desplegaron un operativo en la zona.<\/p>\n<p>Gracias a la r\u00e1pida acci\u00f3n, lograron recuperar los elementos robados y proceder a la aprehensi\u00f3n de tres sospechosos.<\/p>\n<p>Los detenidos fueron identificados como <strong>F.M.E<\/strong>. (19) y <strong>dos menores<\/strong> de 17 y 16 a\u00f1os.<\/p>\n<p>Los adolescentes fueron trasladados a la base de <strong>UPANA<\/strong>, mientras que el mayor qued\u00f3 alojado en Comisar\u00eda 14.<\/p>\n<p>En la causa tom\u00f3 intervenci\u00f3n la Oficina Fiscal de la jurisdicci\u00f3n, que dispuso las medidas correspondientes para avanzar con la investigaci\u00f3n.<\/p>\n","protected":false},"excerpt":{"rendered":"<p>Un hecho de inseguridad ocurrido en General Alvear termin\u00f3 con tres personas detenidas luego de que le robaran a un repartidor &#8230;<\/p>\n","protected":false},"author":7,"featured_media":63435,"comment_status":"open","ping_status":"open","sticky":false,"template":"","format":"standard","meta":{"footnotes":""},"categories":[5,4],"tags":[],"class_list":["post-158952","post","type-post","status-publish","format-standard","has-post-thumbnail","hentry","category-actualidad","category-policiales"],"_links":{"self":[{"href":"https:\/\/vinasfm.com\/noticias\/wp-json\/wp\/v2\/posts\/158952","targetHints":{"allow":["GET"]}}],"collection":[{"href":"https:\/\/vinasfm.com\/noticias\/wp-json\/wp\/v2\/posts"}],"about":[{"href":"https:\/\/vinasfm.com\/noticias\/wp-json\/wp\/v2\/types\/post"}],"author":[{"embeddable":true,"href":"https:\/\/vinasfm.com\/noticias\/wp-json\/wp\/v2\/users\/7"}],"replies":[{"embeddable":true,"href":"https:\/\/vinasfm.com\/noticias\/wp-json\/wp\/v2\/comments?post=158952"}],"version-history":[{"count":1,"href":"https:\/\/vinasfm.com\/noticias\/wp-json\/wp\/v2\/posts\/158952\/revisions"}],"predecessor-version":[{"id":158954,"href":"https:\/\/vinasfm.com\/noticias\/wp-json\/wp\/v2\/posts\/158952\/revisions\/158954"}],"wp:featuredmedia":[{"embeddable":true,"href":"https:\/\/vinasfm.com\/noticias\/wp-json\/wp\/v2\/media\/63435"}],"wp:attachment":[{"href":"https:\/\/vinasfm.com\/noticias\/wp-json\/wp\/v2\/media?parent=158952"}],"wp:term":[{"taxonomy":"category","embeddable":true,"href":"https:\/\/vinasfm.com\/noticias\/wp-json\/wp\/v2\/categories?post=158952"},{"taxonomy":"post_tag","embeddable":true,"href":"https:\/\/vinasfm.com\/noticias\/wp-json\/wp\/v2\/tags?post=158952"}],"curies":[{"name":"wp","href":"https:\/\/api.w.org\/{rel}","templated":true}]}}