{"id":158951,"date":"2026-03-28T11:06:59","date_gmt":"2026-03-28T14:06:59","guid":{"rendered":"https:\/\/vinasfm.com\/noticias\/?p=158951"},"modified":"2026-03-30T09:49:51","modified_gmt":"2026-03-30T12:49:51","slug":"juntos-a-pedal-un-desafio-solidario-que-une-deporte-e-inclusion","status":"publish","type":"post","link":"https:\/\/vinasfm.com\/noticias\/juntos-a-pedal-un-desafio-solidario-que-une-deporte-e-inclusion\/","title":{"rendered":"JUNTOS A PEDAL: UN DESAF\u00cdO SOLIDARIO QUE UNE DEPORTE E INCLUSI\u00d3N"},"content":{"rendered":"<h4><strong>La iniciativa busca visibilizar la discapacidad y promover una mayor empat\u00eda en la sociedad.<\/strong><\/h4>\n<p>El desaf\u00edo tiene un <strong><span style=\"color: #800080;\">objetivo solidario<\/span><\/strong> que es recaudar fondos para una instituci\u00f3n de Mendoza donde personas con discapacidad visual aprenden herramientas fundamentales para su vida diaria, como el uso del bast\u00f3n o inform\u00e1tica:<em><strong> &#8216;es un lugar que nos dio much\u00edsimo y hoy queremos devolverle algo, ayudar a que siga funcionando&#8217;<\/strong><\/em> agreg\u00f3 Walter Alvarez reconocido deportista alvearense.<\/p>\n<p>En lo deportivo la propuesta consiste en recorrer en bicicleta el<strong><span style=\"color: #800080;\"> Oc\u00e9ano Pac\u00edfico<\/span><\/strong> hasta el <strong><span style=\"color: #800080;\">Atl\u00e1ntico<\/span><\/strong>, en un trayecto que demandar\u00e1 entre 11 y 12 d\u00edas.<\/p>\n<p>El recorrido incluir\u00e1 el <strong><span style=\"color: #800080;\">Paso Pehuenche<\/span><\/strong>, el sur mendocino y distintas etapas hasta llegar a <strong><span style=\"color: #800080;\">Bah\u00eda Blanca<\/span><\/strong>, con jornadas que ir\u00e1n desde los 90 hasta los 160 kil\u00f3metros diarios.<\/p>\n<p>El equipo est\u00e1 conformado por varios integrantes, incluyendo ciclistas con discapacidad visual que utilizan bicicletas adaptadas, acompa\u00f1ados por gu\u00edas que hacen posible cada tramo del recorrido: <em><strong>&#8216;sin ellos esto no ser\u00eda posible es un trabajo en equipo total&#8217;<\/strong><\/em>, remarc\u00f3 <strong><span style=\"color: #800080;\">Silvana Castro<\/span><\/strong>.<\/p>\n<p>Para colaborar, se habilit\u00f3 un alias solidario: <strong><span style=\"color: #800080;\">\u201cJuntos.a.pedal\u201d<\/span><\/strong>, donde todo lo recaudado ser\u00e1 destinado a la instituci\u00f3n beneficiaria.<\/p>\n<p>&nbsp;<\/p>\n","protected":false},"excerpt":{"rendered":"<p>La iniciativa busca visibilizar la discapacidad y promover una mayor empat\u00eda en la sociedad. El desaf\u00edo tiene un objetivo solidario que &#8230;<\/p>\n","protected":false},"author":7,"featured_media":158955,"comment_status":"open","ping_status":"open","sticky":false,"template":"","format":"standard","meta":{"footnotes":""},"categories":[5,3],"tags":[],"class_list":["post-158951","post","type-post","status-publish","format-standard","has-post-thumbnail","hentry","category-actualidad","category-deportes"],"_links":{"self":[{"href":"https:\/\/vinasfm.com\/noticias\/wp-json\/wp\/v2\/posts\/158951","targetHints":{"allow":["GET"]}}],"collection":[{"href":"https:\/\/vinasfm.com\/noticias\/wp-json\/wp\/v2\/posts"}],"about":[{"href":"https:\/\/vinasfm.com\/noticias\/wp-json\/wp\/v2\/types\/post"}],"author":[{"embeddable":true,"href":"https:\/\/vinasfm.com\/noticias\/wp-json\/wp\/v2\/users\/7"}],"replies":[{"embeddable":true,"href":"https:\/\/vinasfm.com\/noticias\/wp-json\/wp\/v2\/comments?post=158951"}],"version-history":[{"count":1,"href":"https:\/\/vinasfm.com\/noticias\/wp-json\/wp\/v2\/posts\/158951\/revisions"}],"predecessor-version":[{"id":158956,"href":"https:\/\/vinasfm.com\/noticias\/wp-json\/wp\/v2\/posts\/158951\/revisions\/158956"}],"wp:featuredmedia":[{"embeddable":true,"href":"https:\/\/vinasfm.com\/noticias\/wp-json\/wp\/v2\/media\/158955"}],"wp:attachment":[{"href":"https:\/\/vinasfm.com\/noticias\/wp-json\/wp\/v2\/media?parent=158951"}],"wp:term":[{"taxonomy":"category","embeddable":true,"href":"https:\/\/vinasfm.com\/noticias\/wp-json\/wp\/v2\/categories?post=158951"},{"taxonomy":"post_tag","embeddable":true,"href":"https:\/\/vinasfm.com\/noticias\/wp-json\/wp\/v2\/tags?post=158951"}],"curies":[{"name":"wp","href":"https:\/\/api.w.org\/{rel}","templated":true}]}}