{"id":158931,"date":"2026-03-27T10:58:09","date_gmt":"2026-03-27T13:58:09","guid":{"rendered":"https:\/\/vinasfm.com\/noticias\/?p=158931"},"modified":"2026-03-29T20:34:03","modified_gmt":"2026-03-29T23:34:03","slug":"educacion-la-primera-cohorte-de-la-licenciatura-de-enfermeria-esta-en-su-etapa-final-en-general-alvear","status":"publish","type":"post","link":"https:\/\/vinasfm.com\/noticias\/educacion-la-primera-cohorte-de-la-licenciatura-de-enfermeria-esta-en-su-etapa-final-en-general-alvear\/","title":{"rendered":"EDUCACI\u00d3N: LA PRIMERA COHORTE DE LA LICENCIATURA DE ENFERMER\u00cdA ESTA EN SU ETAPA FINAL EN GENERAL ALVEAR"},"content":{"rendered":"<h4><strong>General Alvear transita un momento hist\u00f3rico en materia educativa y sanitaria, la primera cohorte de la Licenciatura en Enfermer\u00eda est\u00e1 en su etapa final y en pocos meses cerca de 40 estudiantes obtendr\u00e1n su t\u00edtulo de grado.<\/strong><\/h4>\n<p>Desde la Direcci\u00f3n de Educaci\u00f3n <strong><span style=\"color: #800080;\">Jose Mor\u00e1n<\/span><\/strong> y <strong><span style=\"color: #800080;\">Eliana Jaimes<\/span><\/strong>\u00a0profesora de la Universidad 3 de febrero dieron detalles sobre la licenciatura: <em><strong>&#8216;los alumnos cursan el \u00faltimo cuatrimestre de la carrera y comenzaron con las pr\u00e1cticas integradas, una de las instancias m\u00e1s importantes del trayecto acad\u00e9mico&#8217;, <\/strong><\/em>agregaron en conferencia de prensa<em><strong>.<\/strong><\/em><\/p>\n<p>Esta etapa re\u00fane todos los conocimientos adquiridos a lo largo de la formaci\u00f3n, abarcando tanto la atenci\u00f3n hospitalaria como el trabajo comunitario en distintos espacios del departamento.<\/p>\n<p>Desde la coordinaci\u00f3n destacaron que esta instancia final permite consolidar la formaci\u00f3n profesional de los futuros licenciados:<em><strong> &#8216;esto no solo les permitir\u00e1 ejercer en cualquier punto del pa\u00eds, sino tambi\u00e9n continuar su formaci\u00f3n acad\u00e9mica mediante especializaciones, maestr\u00edas o doctorados&#8217;<\/strong><\/em>.<\/p>\n<p>El impacto para <strong><span style=\"color: #800080;\">General Alvear<\/span><\/strong> es significativo ya que se trata de la<strong><span style=\"color: #800080;\"> primera carrera de grado<\/span> <\/strong>con egresados formados \u00edntegramente en el departamento, lo que fortalece el sistema de salud local y genera nuevas oportunidades laborales sin necesidad de emigrar.<\/p>\n","protected":false},"excerpt":{"rendered":"<p>General Alvear transita un momento hist\u00f3rico en materia educativa y sanitaria, la primera cohorte de la Licenciatura en Enfermer\u00eda est\u00e1 en &#8230;<\/p>\n","protected":false},"author":7,"featured_media":158943,"comment_status":"open","ping_status":"open","sticky":false,"template":"","format":"standard","meta":{"footnotes":""},"categories":[5,18],"tags":[],"class_list":["post-158931","post","type-post","status-publish","format-standard","has-post-thumbnail","hentry","category-actualidad","category-educacion"],"_links":{"self":[{"href":"https:\/\/vinasfm.com\/noticias\/wp-json\/wp\/v2\/posts\/158931","targetHints":{"allow":["GET"]}}],"collection":[{"href":"https:\/\/vinasfm.com\/noticias\/wp-json\/wp\/v2\/posts"}],"about":[{"href":"https:\/\/vinasfm.com\/noticias\/wp-json\/wp\/v2\/types\/post"}],"author":[{"embeddable":true,"href":"https:\/\/vinasfm.com\/noticias\/wp-json\/wp\/v2\/users\/7"}],"replies":[{"embeddable":true,"href":"https:\/\/vinasfm.com\/noticias\/wp-json\/wp\/v2\/comments?post=158931"}],"version-history":[{"count":3,"href":"https:\/\/vinasfm.com\/noticias\/wp-json\/wp\/v2\/posts\/158931\/revisions"}],"predecessor-version":[{"id":158962,"href":"https:\/\/vinasfm.com\/noticias\/wp-json\/wp\/v2\/posts\/158931\/revisions\/158962"}],"wp:featuredmedia":[{"embeddable":true,"href":"https:\/\/vinasfm.com\/noticias\/wp-json\/wp\/v2\/media\/158943"}],"wp:attachment":[{"href":"https:\/\/vinasfm.com\/noticias\/wp-json\/wp\/v2\/media?parent=158931"}],"wp:term":[{"taxonomy":"category","embeddable":true,"href":"https:\/\/vinasfm.com\/noticias\/wp-json\/wp\/v2\/categories?post=158931"},{"taxonomy":"post_tag","embeddable":true,"href":"https:\/\/vinasfm.com\/noticias\/wp-json\/wp\/v2\/tags?post=158931"}],"curies":[{"name":"wp","href":"https:\/\/api.w.org\/{rel}","templated":true}]}}