{"id":158927,"date":"2026-03-27T09:33:22","date_gmt":"2026-03-27T12:33:22","guid":{"rendered":"https:\/\/vinasfm.com\/noticias\/?p=158927"},"modified":"2026-03-28T12:49:22","modified_gmt":"2026-03-28T15:49:22","slug":"alta-ocupacion-en-areas-de-salud-mental-crece-la-demanda-y-advierten-que-el-sistema-trabaja-al-limite-en-mendoza","status":"publish","type":"post","link":"https:\/\/vinasfm.com\/noticias\/alta-ocupacion-en-areas-de-salud-mental-crece-la-demanda-y-advierten-que-el-sistema-trabaja-al-limite-en-mendoza\/","title":{"rendered":"ALTA OCUPACI\u00d3N EN \u00c1REAS DE SALUD MENTAL: CRECE LA DEMANDA Y ADVIERTEN QUE EL SISTEMA TRABAJA AL L\u00cdMITE EN MENDOZA"},"content":{"rendered":"<h4><strong>La situaci\u00f3n de la salud mental en Mendoza atraviesa un momento de alta demanda, con niveles de ocupaci\u00f3n de camas que se mantienen elevados y un sistema que, si bien logra responder, trabaja bajo presi\u00f3n constante.<\/strong><\/h4>\n<p>As\u00ed lo explic\u00f3 el Manuel Vilapri\u00f1o, director del \u00e1rea de Salud Mental y Consumos Problem\u00e1ticos del Ministerio de Salud, quien detall\u00f3 que <em><strong>\u201cla variable de ocupaci\u00f3n de camas fluct\u00faa; generalmente la tenemos entre el 82 y el 85 por ciento, aunque ha llegado al 97 o 98 por ciento\u201d<\/strong><\/em>.<\/p>\n<p>En ese sentido, el funcionario remarc\u00f3 que se trata de niveles significativos dentro del sistema sanitario. <em><strong>\u201cNosotros decimos que por encima de 85 ya es significativa\u201d<\/strong><\/em>, indic\u00f3, al tiempo que explic\u00f3 que ese porcentaje permite cierto margen operativo, aunque deja en evidencia la fuerte demanda existente.<\/p>\n<p>A pesar de este escenario, Vilapri\u00f1o destac\u00f3 que el sistema no ha colapsado gracias al funcionamiento en red de los efectores de salud en toda la provincia<em><strong>. \u201cLa red, hoy por hoy, soporta la presi\u00f3n\u201d<\/strong><\/em>, afirm\u00f3, y explic\u00f3 que cuando no hay disponibilidad en un hospital, los pacientes pueden ser derivados a otros centros. Sin embargo, advirti\u00f3 que <em><strong>\u201chay una demanda muy importante de urgencias y de descompensaciones\u201d<\/strong><\/em>, lo que obliga en muchos casos a recurrir a la internaci\u00f3n.<\/p>\n<p>El crecimiento de esta problem\u00e1tica no es reciente. Seg\u00fan el especialista, se trata de una tendencia sostenida en el tiempo<em><strong>. \u201cHay un aumento progresivo de la demanda que no es de ahora, ni siquiera es \u00fanicamente pospandemia\u201d<\/strong><\/em>, sostuvo. No obstante, reconoci\u00f3 que el contexto sanitario global tuvo un impacto clave: <em><strong>\u201cCon la pandemia se visibiliz\u00f3 mucho m\u00e1s, se extendi\u00f3 mucho m\u00e1s, se duplicaron y triplicaron los cuadros\u201d<\/strong><\/em>.<\/p>\n<p>Entre las principales afecciones que se incrementaron, mencion\u00f3 los trastornos de ansiedad, la depresi\u00f3n, el consumo de sustancias y los cuadros vinculados a la suicidalidad. <em><strong>\u201cHan aumentado significativamente<\/strong><\/em>\u201d, asegur\u00f3, y agreg\u00f3 que estos datos coinciden con estudios realizados en los \u00faltimos a\u00f1os.<\/p>\n<p>Vilapri\u00f1o tambi\u00e9n hizo hincapi\u00e9 en que, incluso antes de la pandemia, la situaci\u00f3n ya era preocupante. <em><strong>\u201cEn la prepandemia ya ven\u00edamos complicados, lo que pasa es que no estaba visibilizado como ahora\u201d<\/strong><\/em>, explic\u00f3. En ese marco, subray\u00f3 que actualmente la demanda no solo impacta en los hospitales especializados, sino tambi\u00e9n en los generales.<strong><em> \u201cLos hospitales generales est\u00e1n tambi\u00e9n desbordados de la demanda en salud mental\u201d<\/em><\/strong>, afirm\u00f3.<\/p>\n<h2>Trastornos de ansiedad: cifras y diagn\u00f3stico<\/h2>\n<p>Consultado sobre si este fen\u00f3meno se replica en el \u00e1mbito privado, fue contundente: \u201cEn l\u00edneas generales la demanda es alt\u00edsima, no solamente para la psiquiatr\u00eda sino para todo el campo de la salud mental\u201d.<\/p>\n<p>En cuanto a las patolog\u00edas m\u00e1s frecuentes, el profesional se\u00f1al\u00f3 que predominan los trastornos afectivos y de ansiedad. En este \u00faltimo caso, aport\u00f3 un dato relevante: \u201cEn la Argentina, el 40 por ciento aproximadamente de la poblaci\u00f3n padece trastornos de ansiedad\u201d.<\/p>\n<p>A partir de ello, explic\u00f3 la diferencia entre la ansiedad como respuesta normal y su manifestaci\u00f3n patol\u00f3gica. \u201cHay una ansiedad que es normal y una ansiedad que no lo es\u201d, indic\u00f3. Sobre la primera, detall\u00f3 que \u201ces una se\u00f1al de alarma que se le da al cuerpo para que reaccione y se cuide\u201d, mientras que la segunda aparece cuando interfiere en la vida cotidiana. \u201cDejan de ser normales cuando en vez de facilitar el funcionamiento, comprometen el funcionamiento\u201d, sostuvo.<\/p>\n<h2>Impacto en la vida cotidiana y prevenci\u00f3n<\/h2>\n<p>En ese sentido, describi\u00f3 algunas de las consecuencias m\u00e1s habituales: \u201cNo nos deja dormir bien, no nos deja estar tranquilos, no nos deja tomar decisiones de manera adecuada\u201d.<\/p>\n<p>Entre los trastornos de ansiedad m\u00e1s comunes mencion\u00f3 el trastorno de p\u00e1nico, las fobias, el estr\u00e9s postraum\u00e1tico y el trastorno de ansiedad generalizada. Este \u00faltimo, seg\u00fan explic\u00f3, suele comenzar a edades tempranas: \u201cEmpieza entre los 12 y 18 a\u00f1os\u201d y muchas veces no es detectado a tiempo, ya que \u201cpasan desapercibidos porque se confunden con la personalidad del sujeto\u201d.<\/p>\n<p>Finalmente, Vilapri\u00f1o remarc\u00f3 la necesidad de un abordaje integral que involucre a toda la sociedad. \u201cEl cambio real y fundamental tiene que venir desde el n\u00facleo de la sociedad\u201d, expres\u00f3, y concluy\u00f3 con una advertencia clara sobre el escenario actual: \u201cEsto ha venido para quedarse\u201d.<\/p>\n<h6><span style=\"color: #ff0000;\">Fuente: Diario San Rafael<\/span><\/h6>\n<p>&nbsp;<\/p>\n","protected":false},"excerpt":{"rendered":"<p>La situaci\u00f3n de la salud mental en Mendoza atraviesa un momento de alta demanda, con niveles de ocupaci\u00f3n de camas que &#8230;<\/p>\n","protected":false},"author":7,"featured_media":158928,"comment_status":"open","ping_status":"open","sticky":false,"template":"","format":"standard","meta":{"footnotes":""},"categories":[5,15],"tags":[],"class_list":["post-158927","post","type-post","status-publish","format-standard","has-post-thumbnail","hentry","category-actualidad","category-salud"],"_links":{"self":[{"href":"https:\/\/vinasfm.com\/noticias\/wp-json\/wp\/v2\/posts\/158927","targetHints":{"allow":["GET"]}}],"collection":[{"href":"https:\/\/vinasfm.com\/noticias\/wp-json\/wp\/v2\/posts"}],"about":[{"href":"https:\/\/vinasfm.com\/noticias\/wp-json\/wp\/v2\/types\/post"}],"author":[{"embeddable":true,"href":"https:\/\/vinasfm.com\/noticias\/wp-json\/wp\/v2\/users\/7"}],"replies":[{"embeddable":true,"href":"https:\/\/vinasfm.com\/noticias\/wp-json\/wp\/v2\/comments?post=158927"}],"version-history":[{"count":1,"href":"https:\/\/vinasfm.com\/noticias\/wp-json\/wp\/v2\/posts\/158927\/revisions"}],"predecessor-version":[{"id":158929,"href":"https:\/\/vinasfm.com\/noticias\/wp-json\/wp\/v2\/posts\/158927\/revisions\/158929"}],"wp:featuredmedia":[{"embeddable":true,"href":"https:\/\/vinasfm.com\/noticias\/wp-json\/wp\/v2\/media\/158928"}],"wp:attachment":[{"href":"https:\/\/vinasfm.com\/noticias\/wp-json\/wp\/v2\/media?parent=158927"}],"wp:term":[{"taxonomy":"category","embeddable":true,"href":"https:\/\/vinasfm.com\/noticias\/wp-json\/wp\/v2\/categories?post=158927"},{"taxonomy":"post_tag","embeddable":true,"href":"https:\/\/vinasfm.com\/noticias\/wp-json\/wp\/v2\/tags?post=158927"}],"curies":[{"name":"wp","href":"https:\/\/api.w.org\/{rel}","templated":true}]}}