{"id":158922,"date":"2026-03-27T09:06:19","date_gmt":"2026-03-27T12:06:19","guid":{"rendered":"https:\/\/vinasfm.com\/noticias\/?p=158922"},"modified":"2026-03-28T10:42:26","modified_gmt":"2026-03-28T13:42:26","slug":"general-alvear-busca-consolidarse-con-una-nueva-edicion-de-la-fiesta-de-la-cerveza","status":"publish","type":"post","link":"https:\/\/vinasfm.com\/noticias\/general-alvear-busca-consolidarse-con-una-nueva-edicion-de-la-fiesta-de-la-cerveza\/","title":{"rendered":"GENERAL ALVEAR BUSCA CONSOLIDARSE CON UNA NUEVA EDICI\u00d3N DE LA FIESTA DE LA CERVEZA"},"content":{"rendered":"<h4><strong>Tras el \u00e9xito de su primera edici\u00f3n, ya se confirm\u00f3 la realizaci\u00f3n de la segunda Fiesta de la Cerveza en General Alvear, que tendr\u00e1 lugar el pr\u00f3ximo 26 de septiembre.<\/strong><\/h4>\n<p>Desde la organizaci\u00f3n <span style=\"color: #800080;\"><strong>Billy Alvarez<\/strong> <\/span><em>(Booking y Producci\u00f3n en 300 producciones)\u00a0<\/em>destac\u00f3 que el evento comenz\u00f3 a planificarse pr\u00e1cticamente al d\u00eda siguiente de finalizada la edici\u00f3n inaugural: <em><strong>&#8216;en este marco, ya se encuentra habilitada la preventa de entradas, incluso antes del anuncio oficial de la grilla art\u00edstica, una modalidad caracter\u00edstica de los grandes festivales del pa\u00eds&#8217;<\/strong><\/em>.<\/p>\n<p>Los tickets tendr\u00e1n <em><strong>precios accesibles<\/strong><\/em> y se mantendr\u00e1n en valores populares, con el objetivo de que el p\u00fablico pueda disfrutar de m\u00faltiples artistas a un costo menor que el de un show individual.<\/p>\n<p>Si bien a\u00fan no se confirm\u00f3 la programaci\u00f3n completa, adelantaron que en los <em><strong>pr\u00f3ximos 10 o 15 d\u00edas se dar\u00e1 a conocer la grilla<\/strong><\/em>, que incluir\u00e1 m\u00e1s de diez artistas de nivel nacional e incluso algunos internacionales.<\/p>\n<p>Otro de los aspectos que resaltaron fue el perfil familiar que adquiri\u00f3 la fiesta, con la participaci\u00f3n de distintas generaciones: <em><strong>&#8216;la futura grilla buscar\u00e1 representar esa diversidad, incluyendo propuestas para ni\u00f1os, j\u00f3venes y adultos, con artistas consagrados y emergentes&#8217;<\/strong><\/em> Agreg\u00f3 <strong><span style=\"color: #800080;\">Billy<\/span><\/strong> en di\u00e1logo con <strong><span style=\"color: #800080;\">FM VI\u00d1AS<\/span><\/strong>.<\/p>\n","protected":false},"excerpt":{"rendered":"<p>Tras el \u00e9xito de su primera edici\u00f3n, ya se confirm\u00f3 la realizaci\u00f3n de la segunda Fiesta de la Cerveza en General &#8230;<\/p>\n","protected":false},"author":7,"featured_media":0,"comment_status":"open","ping_status":"open","sticky":false,"template":"","format":"standard","meta":{"footnotes":""},"categories":[5,229],"tags":[],"class_list":["post-158922","post","type-post","status-publish","format-standard","hentry","category-actualidad","category-fiesta-de-la-cerveza"],"_links":{"self":[{"href":"https:\/\/vinasfm.com\/noticias\/wp-json\/wp\/v2\/posts\/158922","targetHints":{"allow":["GET"]}}],"collection":[{"href":"https:\/\/vinasfm.com\/noticias\/wp-json\/wp\/v2\/posts"}],"about":[{"href":"https:\/\/vinasfm.com\/noticias\/wp-json\/wp\/v2\/types\/post"}],"author":[{"embeddable":true,"href":"https:\/\/vinasfm.com\/noticias\/wp-json\/wp\/v2\/users\/7"}],"replies":[{"embeddable":true,"href":"https:\/\/vinasfm.com\/noticias\/wp-json\/wp\/v2\/comments?post=158922"}],"version-history":[{"count":1,"href":"https:\/\/vinasfm.com\/noticias\/wp-json\/wp\/v2\/posts\/158922\/revisions"}],"predecessor-version":[{"id":158924,"href":"https:\/\/vinasfm.com\/noticias\/wp-json\/wp\/v2\/posts\/158922\/revisions\/158924"}],"wp:attachment":[{"href":"https:\/\/vinasfm.com\/noticias\/wp-json\/wp\/v2\/media?parent=158922"}],"wp:term":[{"taxonomy":"category","embeddable":true,"href":"https:\/\/vinasfm.com\/noticias\/wp-json\/wp\/v2\/categories?post=158922"},{"taxonomy":"post_tag","embeddable":true,"href":"https:\/\/vinasfm.com\/noticias\/wp-json\/wp\/v2\/tags?post=158922"}],"curies":[{"name":"wp","href":"https:\/\/api.w.org\/{rel}","templated":true}]}}