{"id":158917,"date":"2026-03-26T22:52:15","date_gmt":"2026-03-27T01:52:15","guid":{"rendered":"https:\/\/vinasfm.com\/noticias\/?p=158917"},"modified":"2026-03-28T09:57:15","modified_gmt":"2026-03-28T12:57:15","slug":"alumnos-de-la-escuela-amado-sad-realizaron-un-proyecto-titulado-sabores-de-vendimia-alvearense","status":"publish","type":"post","link":"https:\/\/vinasfm.com\/noticias\/alumnos-de-la-escuela-amado-sad-realizaron-un-proyecto-titulado-sabores-de-vendimia-alvearense\/","title":{"rendered":"ALUMNOS DE LA ESCUELA AMADO SAD REALIZARON UN PROYECTO TITULADO SABORES DE VENDIMIA ALVEARENSE"},"content":{"rendered":"<h4><strong>En el marco de la Fiesta Nacional de la Vendimia, la instituci\u00f3n lleva adelante el proyecto \u201cSaberes de Vendimia Alvearense\u201d, una propuesta educativa que pone en valor las tradiciones locales y el trabajo con la vid. <\/strong><\/h4>\n<p>Los docentes a cargo de la propuesta fueron: Prof. <strong><span style=\"color: #800080;\">Ana CORREA<\/span><\/strong>, <strong><span style=\"color: #800080;\">Alejandra ROMBOLI<\/span><\/strong>, <strong><span style=\"color: #800080;\">Mariela FARIAS<\/span><\/strong>, <strong><span style=\"color: #800080;\">Mariela JORD\u00c1N<\/span><\/strong> y el Vicedirector <strong><span style=\"color: #800080;\">Dario VELASCO<\/span><\/strong> qui\u00e9n aport\u00f3 la materia prima.<\/p>\n<p>A trav\u00e9s de esta iniciativa, los estudiantes participan activamente en el proceso de transformaci\u00f3n de la uva, con especial \u00e9nfasis en la elaboraci\u00f3n de pasas, integrando conocimientos de distintas \u00e1reas y promoviendo el aprendizaje significativo.<\/p>\n<p>Desde la<strong><span style=\"color: #800080;\"> Escuela N\u00b0 1-616 \u201cAmado Sad\u201d<\/span><\/strong> comparten esta hermosa experiencia de estudiantes de 6\u00b0 y 7\u00b0 Grado. En el mes de marzo comenzaron a ser partes de <span style=\"color: #800080;\"><strong>SABERES DE<\/strong> VENDIMIA ALVEARENSE<\/span>, un Proyecto Institucional que busca fortalecer el v\u00ednculo con la identidad cultural de nuestro departamento, rescatando saberes ancestrales y fomentando el trabajo colaborativo, la responsabilidad y el compromiso.<\/p>\n<p><a href=\"https:\/\/vinasfm.com\/noticias\/wp-content\/uploads\/2026\/03\/IMG-20260326-WA0063.jpg\"><img loading=\"lazy\" decoding=\"async\" class=\" wp-image-158920 aligncenter\" src=\"https:\/\/vinasfm.com\/noticias\/wp-content\/uploads\/2026\/03\/IMG-20260326-WA0063-462x1024.jpg\" alt=\"\" width=\"400\" height=\"887\" srcset=\"https:\/\/vinasfm.com\/noticias\/wp-content\/uploads\/2026\/03\/IMG-20260326-WA0063-462x1024.jpg 462w, https:\/\/vinasfm.com\/noticias\/wp-content\/uploads\/2026\/03\/IMG-20260326-WA0063-135x300.jpg 135w, https:\/\/vinasfm.com\/noticias\/wp-content\/uploads\/2026\/03\/IMG-20260326-WA0063-693x1536.jpg 693w, https:\/\/vinasfm.com\/noticias\/wp-content\/uploads\/2026\/03\/IMG-20260326-WA0063.jpg 722w\" sizes=\"auto, (max-width: 400px) 100vw, 400px\" \/><\/a><\/p>\n<p>De esta manera, la escuela se convierte en un espacio donde se aprende haciendo, conectando la educaci\u00f3n con la cultura, la producci\u00f3n y la comunidad.<\/p>\n<p>Y as\u00ed se comenz\u00f3:<\/p>\n<p>\u2022 Selecci\u00f3n y lavado de uvas.<\/p>\n<p>\u2022 Colocaci\u00f3n en bandejas o rejillas para el proceso de deshidrataci\u00f3n.<\/p>\n<p>\u2022 Exposici\u00f3n al sol en un lugar seguro y ventilado, observando la importancia de la higiene<\/p>\n<p>y la seguridad en la manipulaci\u00f3n de alimentos.<\/p>\n<p>\u2022 Seguimiento diario del producto: registro de color, tama\u00f1o y textura, girando las uvas<\/p>\n<p>para un secado parejo.<\/p>\n<p>\u2022 Una vez concluido el proceso se realiz\u00f3 el empaquetado.<\/p>\n<p>La propuesta result\u00f3 significativa, ya que integr\u00f3 saberes te\u00f3ricos y pr\u00e1cticos, promoviendo aprendizajes contextualizados y el inter\u00e9s por los procesos productivos de la regi\u00f3n.<\/p>\n","protected":false},"excerpt":{"rendered":"<p>En el marco de la Fiesta Nacional de la Vendimia, la instituci\u00f3n lleva adelante el proyecto \u201cSaberes de Vendimia Alvearense\u201d, una &#8230;<\/p>\n","protected":false},"author":7,"featured_media":158919,"comment_status":"open","ping_status":"open","sticky":false,"template":"","format":"standard","meta":{"footnotes":""},"categories":[5,18],"tags":[],"class_list":["post-158917","post","type-post","status-publish","format-standard","has-post-thumbnail","hentry","category-actualidad","category-educacion"],"_links":{"self":[{"href":"https:\/\/vinasfm.com\/noticias\/wp-json\/wp\/v2\/posts\/158917","targetHints":{"allow":["GET"]}}],"collection":[{"href":"https:\/\/vinasfm.com\/noticias\/wp-json\/wp\/v2\/posts"}],"about":[{"href":"https:\/\/vinasfm.com\/noticias\/wp-json\/wp\/v2\/types\/post"}],"author":[{"embeddable":true,"href":"https:\/\/vinasfm.com\/noticias\/wp-json\/wp\/v2\/users\/7"}],"replies":[{"embeddable":true,"href":"https:\/\/vinasfm.com\/noticias\/wp-json\/wp\/v2\/comments?post=158917"}],"version-history":[{"count":2,"href":"https:\/\/vinasfm.com\/noticias\/wp-json\/wp\/v2\/posts\/158917\/revisions"}],"predecessor-version":[{"id":158921,"href":"https:\/\/vinasfm.com\/noticias\/wp-json\/wp\/v2\/posts\/158917\/revisions\/158921"}],"wp:featuredmedia":[{"embeddable":true,"href":"https:\/\/vinasfm.com\/noticias\/wp-json\/wp\/v2\/media\/158919"}],"wp:attachment":[{"href":"https:\/\/vinasfm.com\/noticias\/wp-json\/wp\/v2\/media?parent=158917"}],"wp:term":[{"taxonomy":"category","embeddable":true,"href":"https:\/\/vinasfm.com\/noticias\/wp-json\/wp\/v2\/categories?post=158917"},{"taxonomy":"post_tag","embeddable":true,"href":"https:\/\/vinasfm.com\/noticias\/wp-json\/wp\/v2\/tags?post=158917"}],"curies":[{"name":"wp","href":"https:\/\/api.w.org\/{rel}","templated":true}]}}