{"id":158900,"date":"2026-03-26T11:44:33","date_gmt":"2026-03-26T14:44:33","guid":{"rendered":"https:\/\/vinasfm.com\/noticias\/?p=158900"},"modified":"2026-03-27T10:58:07","modified_gmt":"2026-03-27T13:58:07","slug":"siguen-adelante-los-talleres-de-prevencion-de-bullying-en-las-escuelas-alvearenses","status":"publish","type":"post","link":"https:\/\/vinasfm.com\/noticias\/siguen-adelante-los-talleres-de-prevencion-de-bullying-en-las-escuelas-alvearenses\/","title":{"rendered":"SIGUEN ADELANTE LOS TALLERES DE PREVENCI\u00d3N DE BULLYING EN LAS ESCUELAS ALVEARENSES"},"content":{"rendered":"<h4><strong>La Direcci\u00f3n de Familia, a trav\u00e9s del \u00e1rea de Ni\u00f1ez y Adolescencia, contin\u00faa con talleres de prevenci\u00f3n del bullying en instituciones educativas, dirigidos a niveles primario y secundario.<\/strong><\/h4>\n<p>La coordinadora del \u00e1rea, <strong><span style=\"color: #800080;\">Paula Lucero<\/span><\/strong>, indic\u00f3:<em><strong> \u201ces la continuidad del trabajo iniciado el a\u00f1o pasado. Consideramos fundamental abordar esta problem\u00e1tica desde la prevenci\u00f3n, en conjunto con las instituciones educativas\u201d<\/strong><\/em>.<\/p>\n<p>En esa l\u00ednea, destac\u00f3 la necesidad de anticiparse a los conflictos: <em><strong>\u201ctrabajar en la prevenci\u00f3n antes de que surjan los casos es clave, y eso es lo que hemos coordinado para este a\u00f1o\u201d<\/strong><\/em>.<\/p>\n<p>Por su parte, el psic\u00f3logo del equipo, <strong><span style=\"color: #800080;\">Hern\u00e1n Guti\u00e9rrez<\/span><\/strong>, se\u00f1al\u00f3: <em><strong>\u201clos talleres tienen un enfoque l\u00fadico, con el objetivo de promover el aprendizaje a trav\u00e9s del juego\u201d<\/strong><\/em>.<\/p>\n<p>Desde el \u00e1rea informaron que este a\u00f1o la propuesta estar\u00e1 abierta a todas las instituciones educativas del departamento, con el objetivo de ampliar su alcance y fortalecer el trabajo preventivo en la comunidad escolar.<\/p>\n","protected":false},"excerpt":{"rendered":"<p>La Direcci\u00f3n de Familia, a trav\u00e9s del \u00e1rea de Ni\u00f1ez y Adolescencia, contin\u00faa con talleres de prevenci\u00f3n del bullying en instituciones &#8230;<\/p>\n","protected":false},"author":7,"featured_media":158901,"comment_status":"open","ping_status":"open","sticky":false,"template":"","format":"standard","meta":{"footnotes":""},"categories":[5,18],"tags":[],"class_list":["post-158900","post","type-post","status-publish","format-standard","has-post-thumbnail","hentry","category-actualidad","category-educacion"],"_links":{"self":[{"href":"https:\/\/vinasfm.com\/noticias\/wp-json\/wp\/v2\/posts\/158900","targetHints":{"allow":["GET"]}}],"collection":[{"href":"https:\/\/vinasfm.com\/noticias\/wp-json\/wp\/v2\/posts"}],"about":[{"href":"https:\/\/vinasfm.com\/noticias\/wp-json\/wp\/v2\/types\/post"}],"author":[{"embeddable":true,"href":"https:\/\/vinasfm.com\/noticias\/wp-json\/wp\/v2\/users\/7"}],"replies":[{"embeddable":true,"href":"https:\/\/vinasfm.com\/noticias\/wp-json\/wp\/v2\/comments?post=158900"}],"version-history":[{"count":1,"href":"https:\/\/vinasfm.com\/noticias\/wp-json\/wp\/v2\/posts\/158900\/revisions"}],"predecessor-version":[{"id":158902,"href":"https:\/\/vinasfm.com\/noticias\/wp-json\/wp\/v2\/posts\/158900\/revisions\/158902"}],"wp:featuredmedia":[{"embeddable":true,"href":"https:\/\/vinasfm.com\/noticias\/wp-json\/wp\/v2\/media\/158901"}],"wp:attachment":[{"href":"https:\/\/vinasfm.com\/noticias\/wp-json\/wp\/v2\/media?parent=158900"}],"wp:term":[{"taxonomy":"category","embeddable":true,"href":"https:\/\/vinasfm.com\/noticias\/wp-json\/wp\/v2\/categories?post=158900"},{"taxonomy":"post_tag","embeddable":true,"href":"https:\/\/vinasfm.com\/noticias\/wp-json\/wp\/v2\/tags?post=158900"}],"curies":[{"name":"wp","href":"https:\/\/api.w.org\/{rel}","templated":true}]}}