{"id":158897,"date":"2026-03-26T11:29:32","date_gmt":"2026-03-26T14:29:32","guid":{"rendered":"https:\/\/vinasfm.com\/noticias\/?p=158897"},"modified":"2026-03-27T09:33:20","modified_gmt":"2026-03-27T12:33:20","slug":"impulsan-la-recuperacion-de-cortinas-forestales-en-alvear-con-trabajo-conjunto-entre-instituciones","status":"publish","type":"post","link":"https:\/\/vinasfm.com\/noticias\/impulsan-la-recuperacion-de-cortinas-forestales-en-alvear-con-trabajo-conjunto-entre-instituciones\/","title":{"rendered":"IMPULSAN LA RECUPERACI\u00d3N DE CORTINAS FORESTALES EN ALVEAR CON TRABAJO CONJUNTO ENTRE INSTITUCIONES"},"content":{"rendered":"<h4><strong>Municipio, organismos provinciales y entidades locales avanzan en un plan para reforestar zonas rurales del departamento. Adem\u00e1s, confirmaron avances en la puesta en marcha del matadero municipal.<\/strong><\/h4>\n<p>En el marco de una reuni\u00f3n clave realizada en las \u00faltimas horas, distintas instituciones del departamento de General Alvear comenzaron a <strong><span style=\"color: #339966;\">delinear acciones concretas<\/span><\/strong> para la recuperaci\u00f3n de las cortinas forestales, un recurso hist\u00f3rico que con el paso del tiempo se ha ido perdiendo.<\/p>\n<p>Desde el Municipio se\u00f1alaron que la iniciativa surge ante la preocupaci\u00f3n por la deforestaci\u00f3n registrada en los \u00faltimos a\u00f1os y el impacto que esto genera:<em><strong> &#8216;retomar estas barreras naturales que cumplen funciones esenciales en la protecci\u00f3n del suelo, los cultivos y el ambiente es fundamental&#8217;<\/strong><\/em>. Agreg\u00f3 el <strong><span style=\"color: #339966;\">Director de Agricultura<\/span><\/strong> Agust\u00edn Anzorena.<\/p>\n<p>Del encuentro participaron <strong><span style=\"color: #339966;\">Vialidad Provincial<\/span> <\/strong>y<strong><span style=\"color: #339966;\"> Nacional<\/span><\/strong>, <strong><span style=\"color: #339966;\">Irrigaci\u00f3n<\/span><\/strong>, <strong><span style=\"color: #339966;\">Recursos Naturales de la Provincia<\/span><\/strong>, <strong><span style=\"color: #339966;\">COSPAC<\/span><\/strong> y otras entidades vinculadas, quienes coincidieron en la necesidad de avanzar de manera coordinada.<\/p>\n<p><em><strong>&#8216;Lo importante es que estamos todos en la misma sinton\u00eda y con el objetivo claro de recuperar las cortinas forestales&#8217;<\/strong><\/em> indic\u00f3, remarcando que el trabajo conjunto permitir\u00e1 agilizar soluciones y superar las cuestiones de jurisdicci\u00f3n que muchas veces dificultan este tipo de proyectos.<\/p>\n<h4><span style=\"color: #3366ff;\">Avances en el matadero municipal<\/span><\/h4>\n<p>Por otro lado, tambi\u00e9n se brindaron detalles sobre las obras en el matadero municipal, donde se est\u00e1n realizando tareas de mantenimiento integral luego de m\u00e1s de una d\u00e9cada sin intervenciones significativas.<\/p>\n<p>Actualmente, los trabajos incluyen pintura, mejoras el\u00e9ctricas y la reparaci\u00f3n de maquinaria.<\/p>\n<p>En ese sentido, indicaron que se est\u00e1 a la espera de repuestos provenientes de Santa Fe para poner en funcionamiento una de las m\u00e1quinas principales.<\/p>\n<p>La inversi\u00f3n ya supera los<strong><span style=\"color: #3366ff;\"> 50 millones de pesos<\/span><\/strong> y el objetivo es reactivar el servicio en un plazo aproximado de 15 d\u00edas.<\/p>\n","protected":false},"excerpt":{"rendered":"<p>Municipio, organismos provinciales y entidades locales avanzan en un plan para reforestar zonas rurales del departamento. Adem\u00e1s, confirmaron avances en la &#8230;<\/p>\n","protected":false},"author":7,"featured_media":158898,"comment_status":"open","ping_status":"open","sticky":false,"template":"","format":"standard","meta":{"footnotes":""},"categories":[5,14],"tags":[],"class_list":["post-158897","post","type-post","status-publish","format-standard","has-post-thumbnail","hentry","category-actualidad","category-agro"],"_links":{"self":[{"href":"https:\/\/vinasfm.com\/noticias\/wp-json\/wp\/v2\/posts\/158897","targetHints":{"allow":["GET"]}}],"collection":[{"href":"https:\/\/vinasfm.com\/noticias\/wp-json\/wp\/v2\/posts"}],"about":[{"href":"https:\/\/vinasfm.com\/noticias\/wp-json\/wp\/v2\/types\/post"}],"author":[{"embeddable":true,"href":"https:\/\/vinasfm.com\/noticias\/wp-json\/wp\/v2\/users\/7"}],"replies":[{"embeddable":true,"href":"https:\/\/vinasfm.com\/noticias\/wp-json\/wp\/v2\/comments?post=158897"}],"version-history":[{"count":1,"href":"https:\/\/vinasfm.com\/noticias\/wp-json\/wp\/v2\/posts\/158897\/revisions"}],"predecessor-version":[{"id":158899,"href":"https:\/\/vinasfm.com\/noticias\/wp-json\/wp\/v2\/posts\/158897\/revisions\/158899"}],"wp:featuredmedia":[{"embeddable":true,"href":"https:\/\/vinasfm.com\/noticias\/wp-json\/wp\/v2\/media\/158898"}],"wp:attachment":[{"href":"https:\/\/vinasfm.com\/noticias\/wp-json\/wp\/v2\/media?parent=158897"}],"wp:term":[{"taxonomy":"category","embeddable":true,"href":"https:\/\/vinasfm.com\/noticias\/wp-json\/wp\/v2\/categories?post=158897"},{"taxonomy":"post_tag","embeddable":true,"href":"https:\/\/vinasfm.com\/noticias\/wp-json\/wp\/v2\/tags?post=158897"}],"curies":[{"name":"wp","href":"https:\/\/api.w.org\/{rel}","templated":true}]}}