{"id":158888,"date":"2026-03-26T10:45:04","date_gmt":"2026-03-26T13:45:04","guid":{"rendered":"https:\/\/vinasfm.com\/noticias\/?p=158888"},"modified":"2026-03-27T09:06:20","modified_gmt":"2026-03-27T12:06:20","slug":"noche-de-relatos-musica-y-naturaleza-en-la-reserva-del-trapal","status":"publish","type":"post","link":"https:\/\/vinasfm.com\/noticias\/noche-de-relatos-musica-y-naturaleza-en-la-reserva-del-trapal\/","title":{"rendered":"NOCHE DE RELATOS, M\u00daSICA Y NATURALEZA EN LA RESERVA DEL TRAPAL"},"content":{"rendered":"<h4><strong>Este s\u00e1bado 28 de marzo, la Reserva Municipal del Trapal ser\u00e1 escenario de una propuesta diferente, una experiencia nocturna que combinar\u00e1 caminata, historia, relatos y m\u00fasica en un entorno natural \u00fanico.<\/strong><\/h4>\n<p>La actividad comenzar\u00e1 a las 19:00 hs con la concentraci\u00f3n de los participantes, para iniciar la caminata a las 19:30 hs hacia la laguna: <em><strong>&#8216;el recorrido ser\u00e1 de aproximadamente 800 metros y estar\u00e1 acompa\u00f1ado por intervenciones del historiador Sergio Sendra, quien narrar\u00e1 distintas historias en puntos clave del predio&#8217;<\/strong><\/em>. Detall\u00f3 desde la Asesor\u00eda de Gesti\u00f3n Ambiental Denis Rabanal.<\/p>\n<p>En la laguna, los asistentes podr\u00e1n disfrutar de dos relatos: uno vinculado a una <strong><span style=\"color: #ff0000;\">anciana protectora de los manantiales<\/span><\/strong> de agua y otro con tintes rom\u00e1nticos, inspirado en una historia al estilo <strong><span style=\"color: #ff0000;\">Romeo y Julieta<\/span><\/strong> entre comunidades originarias.<\/p>\n<p>Desde la organizaci\u00f3n destacaron que el objetivo es ofrecer una noche distinta, promoviendo la conexi\u00f3n entre las personas, la historia y la naturaleza: <em><strong>&#8216;ser\u00e1 una oportunidad para conocer en profundidad la reserva, que abarca 143 hect\u00e1reas y no solo incluye la laguna, sino tambi\u00e9n espacios como el bosque de cha\u00f1ar, algarrobo y tamarindo&#8217;<\/strong><\/em>. Agreg\u00f3.<\/p>\n","protected":false},"excerpt":{"rendered":"<p>Este s\u00e1bado 28 de marzo, la Reserva Municipal del Trapal ser\u00e1 escenario de una propuesta diferente, una experiencia nocturna que combinar\u00e1 &#8230;<\/p>\n","protected":false},"author":7,"featured_media":158892,"comment_status":"open","ping_status":"open","sticky":false,"template":"","format":"standard","meta":{"footnotes":""},"categories":[5,19],"tags":[],"class_list":["post-158888","post","type-post","status-publish","format-standard","has-post-thumbnail","hentry","category-actualidad","category-cultura"],"_links":{"self":[{"href":"https:\/\/vinasfm.com\/noticias\/wp-json\/wp\/v2\/posts\/158888","targetHints":{"allow":["GET"]}}],"collection":[{"href":"https:\/\/vinasfm.com\/noticias\/wp-json\/wp\/v2\/posts"}],"about":[{"href":"https:\/\/vinasfm.com\/noticias\/wp-json\/wp\/v2\/types\/post"}],"author":[{"embeddable":true,"href":"https:\/\/vinasfm.com\/noticias\/wp-json\/wp\/v2\/users\/7"}],"replies":[{"embeddable":true,"href":"https:\/\/vinasfm.com\/noticias\/wp-json\/wp\/v2\/comments?post=158888"}],"version-history":[{"count":2,"href":"https:\/\/vinasfm.com\/noticias\/wp-json\/wp\/v2\/posts\/158888\/revisions"}],"predecessor-version":[{"id":158896,"href":"https:\/\/vinasfm.com\/noticias\/wp-json\/wp\/v2\/posts\/158888\/revisions\/158896"}],"wp:featuredmedia":[{"embeddable":true,"href":"https:\/\/vinasfm.com\/noticias\/wp-json\/wp\/v2\/media\/158892"}],"wp:attachment":[{"href":"https:\/\/vinasfm.com\/noticias\/wp-json\/wp\/v2\/media?parent=158888"}],"wp:term":[{"taxonomy":"category","embeddable":true,"href":"https:\/\/vinasfm.com\/noticias\/wp-json\/wp\/v2\/categories?post=158888"},{"taxonomy":"post_tag","embeddable":true,"href":"https:\/\/vinasfm.com\/noticias\/wp-json\/wp\/v2\/tags?post=158888"}],"curies":[{"name":"wp","href":"https:\/\/api.w.org\/{rel}","templated":true}]}}