{"id":158876,"date":"2026-03-26T09:17:10","date_gmt":"2026-03-26T12:17:10","guid":{"rendered":"https:\/\/vinasfm.com\/noticias\/?p=158876"},"modified":"2026-03-26T12:17:15","modified_gmt":"2026-03-26T15:17:15","slug":"la-firma-agropecuaria-los-huarpes-abre-sus-puertas-para-el-proximo-dia-de-campo","status":"publish","type":"post","link":"https:\/\/vinasfm.com\/noticias\/la-firma-agropecuaria-los-huarpes-abre-sus-puertas-para-el-proximo-dia-de-campo\/","title":{"rendered":"LA FIRMA AGROPECUARIA LOS HUARPES ABRE SUS PUERTAS PARA EL PR\u00d3XIMO D\u00cdA DE CAMPO"},"content":{"rendered":"<h4><strong>Desde la organizaci\u00f3n invitan a la comunidad y a productores de la zona a participar de un atractivo d\u00eda de campo que se realizar\u00e1 en Agropecuaria Los Huarpes, un establecimiento que lleva m\u00e1s de 10 a\u00f1os de trabajo en la regi\u00f3n y que hoy se presenta como un modelo de reconversi\u00f3n productiva hacia la actividad ganadera.<\/strong><\/h4>\n<p>Durante la jornada, los asistentes podr\u00e1n recorrer el predio y conocer de primera mano distintos aspectos de la producci\u00f3n, incluyendo inversiones en tecnolog\u00eda de punta, asi lo adelantaban desde la organizaci\u00f3n: <em><strong>&#8216;entre ellas, se destacan los sistemas de riego presurizado y la generaci\u00f3n de energ\u00eda mediante paneles solares aplicados al riego agr\u00edcola, una alternativa cada vez m\u00e1s accesible y eficiente para el sector&#8217;<\/strong><\/em>.<\/p>\n<p>Adem\u00e1s, se mostrar\u00e1 la din\u00e1mica diaria del trabajo con animales a campo y por lote, brindando una experiencia que busca ser replicable para productores interesados en implementar este tipo de modelos en la zona. La iniciativa apunta a abrir las puertas del establecimiento para compartir conocimientos y experiencias adquiridas a lo largo de los a\u00f1os.<\/p>\n<p>Este a\u00f1o, la incorporaci\u00f3n de <strong><span style=\"color: #333399;\">energ\u00eda solar<\/span><\/strong> marca un nuevo paso, con el acompa\u00f1amiento de una firma de <strong><span style=\"color: #333399;\">San Rafael<\/span><\/strong> que explicar\u00e1 en detalle sus beneficios, costos y potencialidades.<\/p>\n<p>La jornada comenzar\u00e1 a las <strong><span style=\"color: #333399;\">09:00 hs<\/span><\/strong> con la recepci\u00f3n de los visitantes, quienes ser\u00e1n agasajados con tortas fritas. Luego se desarrollar\u00e1n charlas t\u00e9cnicas y distintas actividades a lo largo del d\u00eda. Al mediod\u00eda, habr\u00e1 un espacio con pasteles fritos, vinos y sorpresas.<\/p>\n<p>Posteriormente, cerca de las <strong><span style=\"color: #333399;\">13:30 hs<\/span><\/strong>, los presentes compartir\u00e1n un almuerzo con men\u00fa de varios pasos, donde no faltar\u00e1 el tradicional locro criollo, acompa\u00f1ado de costillares y otras especialidades t\u00edpicas.<\/p>\n","protected":false},"excerpt":{"rendered":"<p>Desde la organizaci\u00f3n invitan a la comunidad y a productores de la zona a participar de un atractivo d\u00eda de campo &#8230;<\/p>\n","protected":false},"author":7,"featured_media":158877,"comment_status":"open","ping_status":"open","sticky":false,"template":"","format":"standard","meta":{"footnotes":""},"categories":[5,28],"tags":[],"class_list":["post-158876","post","type-post","status-publish","format-standard","has-post-thumbnail","hentry","category-actualidad","category-fiesta-nacional-de-la-ganaderia"],"_links":{"self":[{"href":"https:\/\/vinasfm.com\/noticias\/wp-json\/wp\/v2\/posts\/158876","targetHints":{"allow":["GET"]}}],"collection":[{"href":"https:\/\/vinasfm.com\/noticias\/wp-json\/wp\/v2\/posts"}],"about":[{"href":"https:\/\/vinasfm.com\/noticias\/wp-json\/wp\/v2\/types\/post"}],"author":[{"embeddable":true,"href":"https:\/\/vinasfm.com\/noticias\/wp-json\/wp\/v2\/users\/7"}],"replies":[{"embeddable":true,"href":"https:\/\/vinasfm.com\/noticias\/wp-json\/wp\/v2\/comments?post=158876"}],"version-history":[{"count":3,"href":"https:\/\/vinasfm.com\/noticias\/wp-json\/wp\/v2\/posts\/158876\/revisions"}],"predecessor-version":[{"id":158895,"href":"https:\/\/vinasfm.com\/noticias\/wp-json\/wp\/v2\/posts\/158876\/revisions\/158895"}],"wp:featuredmedia":[{"embeddable":true,"href":"https:\/\/vinasfm.com\/noticias\/wp-json\/wp\/v2\/media\/158877"}],"wp:attachment":[{"href":"https:\/\/vinasfm.com\/noticias\/wp-json\/wp\/v2\/media?parent=158876"}],"wp:term":[{"taxonomy":"category","embeddable":true,"href":"https:\/\/vinasfm.com\/noticias\/wp-json\/wp\/v2\/categories?post=158876"},{"taxonomy":"post_tag","embeddable":true,"href":"https:\/\/vinasfm.com\/noticias\/wp-json\/wp\/v2\/tags?post=158876"}],"curies":[{"name":"wp","href":"https:\/\/api.w.org\/{rel}","templated":true}]}}