{"id":158871,"date":"2026-03-25T11:48:21","date_gmt":"2026-03-25T14:48:21","guid":{"rendered":"https:\/\/vinasfm.com\/noticias\/?p=158871"},"modified":"2026-03-26T11:29:29","modified_gmt":"2026-03-26T14:29:29","slug":"fiesta-de-la-cerveza-del-sur-mendocino-lanzaron-la-preventa-de-entradas-para-la-segunda-edicion","status":"publish","type":"post","link":"https:\/\/vinasfm.com\/noticias\/fiesta-de-la-cerveza-del-sur-mendocino-lanzaron-la-preventa-de-entradas-para-la-segunda-edicion\/","title":{"rendered":"FIESTA DE LA CERVEZA DEL SUR MENDOCINO: LANZARON LA PREVENTA DE ENTRADAS PARA LA SEGUNDA EDICI\u00d3N"},"content":{"rendered":"<h4><strong>Desde el Municipio anunciaron el lanzamiento de la preventa de entradas para la segunda edici\u00f3n de la Fiesta de la Cerveza del Sur Mendocino, que se realizar\u00e1 el pr\u00f3ximo 26 de septiembre.<\/strong><\/h4>\n<p>La iniciativa forma parte de una pol\u00edtica de impulso a eventos que buscan fortalecer el v\u00ednculo p\u00fablico-privado y generar un impacto positivo en la econom\u00eda local, especialmente en sectores como la gastronom\u00eda, hoteler\u00eda y el turismo.<\/p>\n<p>Tras el \u00e9xito de la primera edici\u00f3n, que super\u00f3 las expectativas, desde la organizaci\u00f3n destacaron que esta nueva propuesta ser\u00e1 <strong>\u201cm\u00e1s ambiciosa\u201d<\/strong>, con una grilla art\u00edstica que se dar\u00e1 a conocer en las pr\u00f3ximas semanas.<\/p>\n<p>En esta <strong><span style=\"color: #800080;\">primera etapa<\/span><\/strong>, se lanz\u00f3 una venta anticipada bajo modalidad promocional (conocida como <strong><span style=\"color: #800080;\">early bird<\/span><\/strong>), que permitir\u00e1 acceder a las entradas a un valor de $45.000 .<\/p>\n<p>Ser\u00e1n las<strong><span style=\"color: #800080;\"> primeras 500 entradas<\/span><\/strong> disponibles a este precio, con el objetivo de incentivar la compra anticipada antes del anuncio oficial de la grilla de artistas.<\/p>\n<p>Los puntos de venta habilitados son:<\/p>\n<p>Informador tur\u00edstico<br \/>\nCine Teatro Antonio Lafalla (Taquilla)<br \/>\nDelegaciones Municipales<br \/>\nMunicipalidad de General Alvear<\/p>\n<p>El evento se desarrollar\u00e1 nuevamente en el mismo predio, que el a\u00f1o pasado permiti\u00f3 una circulaci\u00f3n c\u00f3moda del p\u00fablico y la incorporaci\u00f3n de diferentes espacios para toda la familia.<\/p>\n<p>Para esta edici\u00f3n, se trabaja en <strong><span style=\"color: #800080;\">mejoras organizativas<\/span><\/strong>, con la posibilidad de <strong><span style=\"color: #800080;\">ampliar escenarios<\/span><\/strong> y <strong><span style=\"color: #800080;\">reforzar la oferta gastron\u00f3mica<\/span><\/strong>, uno de los puntos m\u00e1s demandados en la edici\u00f3n anterior.<\/p>\n<p>Si bien este a\u00f1o se mantendr\u00e1 en una sola jornada, no descartan que en el futuro pueda extenderse a dos d\u00edas.<\/p>\n","protected":false},"excerpt":{"rendered":"<p>Desde el Municipio anunciaron el lanzamiento de la preventa de entradas para la segunda edici\u00f3n de la Fiesta de la Cerveza &#8230;<\/p>\n","protected":false},"author":7,"featured_media":158872,"comment_status":"open","ping_status":"open","sticky":false,"template":"","format":"standard","meta":{"footnotes":""},"categories":[5,229],"tags":[],"class_list":["post-158871","post","type-post","status-publish","format-standard","has-post-thumbnail","hentry","category-actualidad","category-fiesta-de-la-cerveza"],"_links":{"self":[{"href":"https:\/\/vinasfm.com\/noticias\/wp-json\/wp\/v2\/posts\/158871","targetHints":{"allow":["GET"]}}],"collection":[{"href":"https:\/\/vinasfm.com\/noticias\/wp-json\/wp\/v2\/posts"}],"about":[{"href":"https:\/\/vinasfm.com\/noticias\/wp-json\/wp\/v2\/types\/post"}],"author":[{"embeddable":true,"href":"https:\/\/vinasfm.com\/noticias\/wp-json\/wp\/v2\/users\/7"}],"replies":[{"embeddable":true,"href":"https:\/\/vinasfm.com\/noticias\/wp-json\/wp\/v2\/comments?post=158871"}],"version-history":[{"count":1,"href":"https:\/\/vinasfm.com\/noticias\/wp-json\/wp\/v2\/posts\/158871\/revisions"}],"predecessor-version":[{"id":158873,"href":"https:\/\/vinasfm.com\/noticias\/wp-json\/wp\/v2\/posts\/158871\/revisions\/158873"}],"wp:featuredmedia":[{"embeddable":true,"href":"https:\/\/vinasfm.com\/noticias\/wp-json\/wp\/v2\/media\/158872"}],"wp:attachment":[{"href":"https:\/\/vinasfm.com\/noticias\/wp-json\/wp\/v2\/media?parent=158871"}],"wp:term":[{"taxonomy":"category","embeddable":true,"href":"https:\/\/vinasfm.com\/noticias\/wp-json\/wp\/v2\/categories?post=158871"},{"taxonomy":"post_tag","embeddable":true,"href":"https:\/\/vinasfm.com\/noticias\/wp-json\/wp\/v2\/tags?post=158871"}],"curies":[{"name":"wp","href":"https:\/\/api.w.org\/{rel}","templated":true}]}}