{"id":158869,"date":"2026-03-25T11:25:59","date_gmt":"2026-03-25T14:25:59","guid":{"rendered":"https:\/\/vinasfm.com\/noticias\/?p=158869"},"modified":"2026-03-26T10:59:52","modified_gmt":"2026-03-26T13:59:52","slug":"alcec-prepara-un-evento-por-el-cierre-del-mes-de-la-mujer","status":"publish","type":"post","link":"https:\/\/vinasfm.com\/noticias\/alcec-prepara-un-evento-por-el-cierre-del-mes-de-la-mujer\/","title":{"rendered":"ALCEC PREPARA UN EVENTO POR EL CIERRE DEL MES DE LA MUJER"},"content":{"rendered":"<h4><strong>Ser\u00e1 este domingo con espect\u00e1culos, m\u00fasica y concientizaci\u00f3n a partir de las 19:30 hs en el Sal\u00f3n Fern\u00e1ndez del Predio Ferial.<\/strong><\/h4>\n<p>La presidenta de <strong><span style=\"color: #ff00ff;\">ALCEC<\/span><\/strong>, <strong>Anal\u00eda Tumas<\/strong>, invit\u00f3 a toda la comunidad a participar del evento: <em><strong>&#8216;el objetivo que nos hemos propuesto es celebrar la vida, siempre trabajamos sobre la prevenci\u00f3n del c\u00e1ncer, y en esta oportunidad queremos festejar que estamos vivas y de pie&#8217;\u00a0<\/strong><\/em>.<\/p>\n<p>Durante la jornada se podr\u00e1 disfrutar de diversas propuestas art\u00edsticas, entre ellas una obra de teatro, un show de stand-up, presentaciones de baile y m\u00fasica en vivo para el cierre, en un ambiente pensado para compartir y divertirse.<\/p>\n<p>Las entradas tienen un valor de 2.000 pesos y podr\u00e1n adquirirse tanto de manera anticipada a trav\u00e9s de integrantes de la instituci\u00f3n o el mismo d\u00eda en puerta.<\/p>\n<p>&#x1f397;&#xfe0f;<strong> CONCIENTIZACI\u00d3N Y ACOMPA\u00d1AMIENTO<\/strong><\/p>\n<p>Desde la organizaci\u00f3n recordaron la importancia de los controles m\u00e9dicos, especialmente en el marco del D\u00eda Internacional de la Prevenci\u00f3n del C\u00e1ncer de Cuello de \u00datero, que se conmemora el 26 de marzo: <em><strong>&#8216;actualmente, la instituci\u00f3n realiza entre 80 y 120 mamograf\u00edas mensuales, de las cuales el 80% son gratuitas, adem\u00e1s brindan asistencia a personas que necesitan ayuda econ\u00f3mica, medicamentos o traslados&#8217;<\/strong><\/em>.<\/p>\n<p>Quienes deseen obtener m\u00e1s informaci\u00f3n o seguir las actividades de la instituci\u00f3n pueden hacerlo a trav\u00e9s de sus redes sociales, donde figuran como <strong><span style=\"color: #ff00ff;\">ALCEC General Alvear<\/span><\/strong> tanto en <strong>Facebook<\/strong> como en<strong> Instagram<\/strong>.<\/p>\n","protected":false},"excerpt":{"rendered":"<p>Ser\u00e1 este domingo con espect\u00e1culos, m\u00fasica y concientizaci\u00f3n a partir de las 19:30 hs en el Sal\u00f3n Fern\u00e1ndez del Predio Ferial. &#8230;<\/p>\n","protected":false},"author":7,"featured_media":78931,"comment_status":"open","ping_status":"open","sticky":false,"template":"","format":"standard","meta":{"footnotes":""},"categories":[5,10],"tags":[],"class_list":["post-158869","post","type-post","status-publish","format-standard","has-post-thumbnail","hentry","category-actualidad","category-destacadas"],"_links":{"self":[{"href":"https:\/\/vinasfm.com\/noticias\/wp-json\/wp\/v2\/posts\/158869","targetHints":{"allow":["GET"]}}],"collection":[{"href":"https:\/\/vinasfm.com\/noticias\/wp-json\/wp\/v2\/posts"}],"about":[{"href":"https:\/\/vinasfm.com\/noticias\/wp-json\/wp\/v2\/types\/post"}],"author":[{"embeddable":true,"href":"https:\/\/vinasfm.com\/noticias\/wp-json\/wp\/v2\/users\/7"}],"replies":[{"embeddable":true,"href":"https:\/\/vinasfm.com\/noticias\/wp-json\/wp\/v2\/comments?post=158869"}],"version-history":[{"count":2,"href":"https:\/\/vinasfm.com\/noticias\/wp-json\/wp\/v2\/posts\/158869\/revisions"}],"predecessor-version":[{"id":158893,"href":"https:\/\/vinasfm.com\/noticias\/wp-json\/wp\/v2\/posts\/158869\/revisions\/158893"}],"wp:featuredmedia":[{"embeddable":true,"href":"https:\/\/vinasfm.com\/noticias\/wp-json\/wp\/v2\/media\/78931"}],"wp:attachment":[{"href":"https:\/\/vinasfm.com\/noticias\/wp-json\/wp\/v2\/media?parent=158869"}],"wp:term":[{"taxonomy":"category","embeddable":true,"href":"https:\/\/vinasfm.com\/noticias\/wp-json\/wp\/v2\/categories?post=158869"},{"taxonomy":"post_tag","embeddable":true,"href":"https:\/\/vinasfm.com\/noticias\/wp-json\/wp\/v2\/tags?post=158869"}],"curies":[{"name":"wp","href":"https:\/\/api.w.org\/{rel}","templated":true}]}}