{"id":158857,"date":"2026-03-25T09:52:21","date_gmt":"2026-03-25T12:52:21","guid":{"rendered":"https:\/\/vinasfm.com\/noticias\/?p=158857"},"modified":"2026-03-26T09:17:09","modified_gmt":"2026-03-26T12:17:09","slug":"irrigacion-capacita-lanzo-un-ciclo-de-capacitaciones-destinado-a-agricultores-y-agricultoras","status":"publish","type":"post","link":"https:\/\/vinasfm.com\/noticias\/irrigacion-capacita-lanzo-un-ciclo-de-capacitaciones-destinado-a-agricultores-y-agricultoras\/","title":{"rendered":"IRRIGACI\u00d3N CAPACITA: LANZ\u00d3 UN CICLO DE CAPACITACIONES DESTINADO A AGRICULTORES Y AGRICULTORAS"},"content":{"rendered":"<h4><strong>La iniciativa busca fortalecer conocimientos t\u00e9cnicos sobre el contexto h\u00eddrico de Mendoza y desarrollar competencias en el dise\u00f1o, manejo y optimizaci\u00f3n de sistemas de riego eficiente y sostenible. Se trata de una de las acciones del organismo enmarcada en el D\u00eda Mundial del Agua.<\/strong><\/h4>\n<p>Con el objetivo de fortalecer conocimientos t\u00e9cnicos en agricultores y agricultoras sobre el contexto h\u00eddrico de Mendoza, como as\u00ed tambi\u00e9n desarrollar competencias en el dise\u00f1o, manejo y optimizaci\u00f3n de sistemas de riego eficiente y sostenible, Irrigaci\u00f3n lanz\u00f3 el ciclo de capacitaci\u00f3n \u00abAgua 360- gesti\u00f3n, producci\u00f3n y participaci\u00f3n. Sembrando igualdad para cosechar futuro\u00bb.<\/p>\n<p>La propuesta busca entre sus objetivos espec\u00edficos comprender el sistema h\u00eddrico provincial, normativas y la econom\u00eda circular del agua, identificar y aplicar distintos m\u00e9todos de riego, dise\u00f1ar sistemas b\u00e1sicos de riego presurizado, implementar pr\u00e1cticas de ahorro y eficiencia h\u00eddrica, y adquirir herramientas para acceder a programas de financiamiento y asistencia t\u00e9cnica.<\/p>\n<p>El ciclo forma parte de una de las acciones que lleva adelante el programa de Irrigaci\u00f3n \u00abAgua y Mujer\u00bb y cuenta con el aval y acompa\u00f1amiento de la Universidad de Mendoza (FCJS-IEDS), de la Universidad Nacional de Cuyo (Fac.Cc. Econ\u00f3micas), RED RIGA e INTA. Y adem\u00e1s se enmarca en el A\u00f1o Internacional de la Agricultora, establecido para este 2026 por la Asamblea General de las Naciones Unidas, que pone en relieve el papel decisivo que desempe\u00f1an las agricultoras en la configuraci\u00f3n y el mantenimiento de los sistemas agroalimentarios.<\/p>\n<p>Las mujeres participan en muchos \u00e1mbitos de los sistemas agroalimentarios, desde la producci\u00f3n agr\u00edcola y ganadera hasta la pesca, la actividad forestal y la acuicultura, as\u00ed como en las actividades fuera de las explotaciones agr\u00edcolas como la elaboraci\u00f3n, la adici\u00f3n de valor, la distribuci\u00f3n y el comercio. Sin embargo, siguen enfrent\u00e1ndose a importantes obst\u00e1culos, en particular en lo que respecta al acceso a recursos productivos como la tierra y otros recursos naturales, las tecnolog\u00edas y la financiaci\u00f3n, y al control de estos.<\/p>\n<p>Estos obst\u00e1culos no solo restringen su productividad, sino que tambi\u00e9n limitan su potencial para contribuir a la seguridad alimentaria, el desarrollo rural y el crecimiento econ\u00f3mico.<\/p>\n<p>A fin de promover los intereses y las oportunidades de las agricultoras, el A\u00f1o Internacional hace un llamamiento a los gobiernos, la sociedad civil, al sector acad\u00e9mico y el sector para que promuevan las oportunidades, la formulaci\u00f3n de pol\u00edticas que tengan en cuenta las cuestiones de g\u00e9nero y las inversiones directas destinadas a empoderar a las agricultoras en todos los sistemas agroalimentarios.<\/p>\n<p>El lanzamiento cont\u00f3 con la presencia del Superintendente de Irrigaci\u00f3n, Sergio Marinelli, y de representantes de los organismos que acompa\u00f1an la propuesta: Patricia Puebla, Vicedecana de la Facultad de Ciencias Econ\u00f3micas, Valentina Erice, de Universidad de Mendoza, y Daiana Mateo, en representaci\u00f3n del INTA.<\/p>\n<p>\u00abEsta nueva capacitaci\u00f3n que lanza hoy el Departamento General de Irrigaci\u00f3n, como lo hacemos siempre en conjunto con el \u00e1mbito acad\u00e9mico, la Universidad Nacional de Cuyo, la Universidad de Mendoza, y del INTA, ya que conmemoramos este a\u00f1o el A\u00f1o Internacional de la Mujer Agricultora, apunta a lograr mayor eficiencia de riego, a fortalecer conocimientos, investigaci\u00f3n y gesti\u00f3n tendiendo siempre a favorecer el uso racional del agua y a nivelar con la participaci\u00f3n de la mujer, generando m\u00e1s posibilidades y oportunidades\u00bb, sostuvo Marinelli.<\/p>\n<p>\u00abEstos \u00e1mbitos de capacitaci\u00f3n que generamos diferentes organismos, para compartir acciones son muy buenos y porque tienen impactos reales\u00bb, finaliz\u00f3 el funcionario.<br \/>\nSobre el ciclo<\/p>\n<p>Cada eje tem\u00e1tico propone un cursado mensual, con dos encuentros virtuales sincr\u00f3nicos v\u00eda zoom, los d\u00edas jueves, con una duraci\u00f3n de 2 horas de 18 a 20, comenzando en mayo, y un encuentro presencial en julio. La formaci\u00f3n se complementar\u00e1 con apoyo de material bibliogr\u00e1fico de lectura y estudio y entregar\u00e1 certificado de asistencia y participaci\u00f3n. Para acceder a las inscripci\u00f3n se debe completar el siguiente formulario<\/p>\n<p><a href=\"https:\/\/forms.gle\/2JyZcNgtV6j2Wbi3A\">https:\/\/forms.gle\/2JyZcNgtV6j2Wbi3A<\/a><\/p>\n<h2>La capacitaci\u00f3n se estructura en 4 m\u00f3dulos:<\/h2>\n<p><strong>M\u00f3dulo 1<\/strong>: Contexto h\u00eddrico de Mendoza; introducci\u00f3n al r\u00e9gimen jur\u00eddico del agua; institucionalidad y usos del agua; acceso al agua y a la tierra; y diversas formas de Participaci\u00f3n. Dictado por Irrigaci\u00f3n.<\/p>\n<p><strong>M\u00f3dulo 2<\/strong>: Eje agua y econom\u00eda; la econom\u00eda del agua en Mendoza; herramientas de financiamiento y asistencia; el ABC de las finanzas personales simplificadas \u2013 a cargo de la Mgtr. Etel Scokin. Dictado por Ccias. Econ\u00f3micas UNCUYO-Riga.<\/p>\n<p><strong>M\u00f3dulo 3<\/strong>: Eje eficiencia h\u00eddrica y t\u00e9cnicas de riego; par\u00e1metros del uso del agua en el cultivo relaci\u00f3n suelo\u2013agua\u2013planta; necesidades h\u00eddricas seg\u00fan cultivo (vid, olivo, frutales, hortalizas); sistemas de riego. Dictado por Irrigaci\u00f3n e INTA Mendoza.<\/p>\n<p><strong>M\u00f3dulo 4<\/strong> (presencial): Eje reconocimiento de parcelas \u2013 Intercambio y participaci\u00f3n; demostraci\u00f3n de sistemas de sistemas de riego en diferentes cultivos; an\u00e1lisis costo-beneficio; programas de apoyo provinciales y nacionales; e intercambio de experiencias. Dictado por Irrigaci\u00f3n e INTA Mendoza.<\/p>\n<p>M\u00e1s informaci\u00f3n en www.irrigacion.gov.ar<\/p>\n","protected":false},"excerpt":{"rendered":"<p>La iniciativa busca fortalecer conocimientos t\u00e9cnicos sobre el contexto h\u00eddrico de Mendoza y desarrollar competencias en el dise\u00f1o, manejo y optimizaci\u00f3n &#8230;<\/p>\n","protected":false},"author":7,"featured_media":158858,"comment_status":"open","ping_status":"open","sticky":false,"template":"","format":"standard","meta":{"footnotes":""},"categories":[5,37],"tags":[],"class_list":["post-158857","post","type-post","status-publish","format-standard","has-post-thumbnail","hentry","category-actualidad","category-irrigacion"],"_links":{"self":[{"href":"https:\/\/vinasfm.com\/noticias\/wp-json\/wp\/v2\/posts\/158857","targetHints":{"allow":["GET"]}}],"collection":[{"href":"https:\/\/vinasfm.com\/noticias\/wp-json\/wp\/v2\/posts"}],"about":[{"href":"https:\/\/vinasfm.com\/noticias\/wp-json\/wp\/v2\/types\/post"}],"author":[{"embeddable":true,"href":"https:\/\/vinasfm.com\/noticias\/wp-json\/wp\/v2\/users\/7"}],"replies":[{"embeddable":true,"href":"https:\/\/vinasfm.com\/noticias\/wp-json\/wp\/v2\/comments?post=158857"}],"version-history":[{"count":1,"href":"https:\/\/vinasfm.com\/noticias\/wp-json\/wp\/v2\/posts\/158857\/revisions"}],"predecessor-version":[{"id":158859,"href":"https:\/\/vinasfm.com\/noticias\/wp-json\/wp\/v2\/posts\/158857\/revisions\/158859"}],"wp:featuredmedia":[{"embeddable":true,"href":"https:\/\/vinasfm.com\/noticias\/wp-json\/wp\/v2\/media\/158858"}],"wp:attachment":[{"href":"https:\/\/vinasfm.com\/noticias\/wp-json\/wp\/v2\/media?parent=158857"}],"wp:term":[{"taxonomy":"category","embeddable":true,"href":"https:\/\/vinasfm.com\/noticias\/wp-json\/wp\/v2\/categories?post=158857"},{"taxonomy":"post_tag","embeddable":true,"href":"https:\/\/vinasfm.com\/noticias\/wp-json\/wp\/v2\/tags?post=158857"}],"curies":[{"name":"wp","href":"https:\/\/api.w.org\/{rel}","templated":true}]}}