{"id":158836,"date":"2026-03-24T12:07:17","date_gmt":"2026-03-24T15:07:17","guid":{"rendered":"https:\/\/vinasfm.com\/noticias\/?p=158836"},"modified":"2026-03-25T10:13:25","modified_gmt":"2026-03-25T13:13:25","slug":"operativos-en-el-sur-provincial-recuperaron-una-bicicleta-robada-en-alvear-y-secuestraron-una-moto-en-san-rafael","status":"publish","type":"post","link":"https:\/\/vinasfm.com\/noticias\/operativos-en-el-sur-provincial-recuperaron-una-bicicleta-robada-en-alvear-y-secuestraron-una-moto-en-san-rafael\/","title":{"rendered":"OPERATIVOS EN EL SUR PROVINCIAL: RECUPERARON UNA BICICLETA ROBADA EN ALVEAR Y SECUESTRARON UNA MOTO EN SAN RAFAEL"},"content":{"rendered":"<h4><strong>Los procedimientos fueron realizados por personal de Investigaciones y de la Unidad Motorizada, con intervenci\u00f3n de las autoridades judiciales correspondientes.<\/strong><\/h4>\n<p>En General Alvear, personal de la Polic\u00eda de Investigaciones llev\u00f3 adelante tres allanamientos en el marco de una causa por robo simple, que se tramita en la Oficina Fiscal de Comisar\u00eda 14. Las medidas ten\u00edan como objetivo el secuestro de una bicicleta rodado 29, sustra\u00edda d\u00edas atr\u00e1s.<\/p>\n<p><a href=\"https:\/\/vinasfm.com\/noticias\/wp-content\/uploads\/2026\/03\/Bicicleta-Recuperada.jpeg\"><img loading=\"lazy\" decoding=\"async\" class=\"alignnone size-large wp-image-158837\" src=\"https:\/\/vinasfm.com\/noticias\/wp-content\/uploads\/2026\/03\/Bicicleta-Recuperada-1024x768.jpeg\" alt=\"\" width=\"1024\" height=\"768\" srcset=\"https:\/\/vinasfm.com\/noticias\/wp-content\/uploads\/2026\/03\/Bicicleta-Recuperada-1024x768.jpeg 1024w, https:\/\/vinasfm.com\/noticias\/wp-content\/uploads\/2026\/03\/Bicicleta-Recuperada-300x225.jpeg 300w, https:\/\/vinasfm.com\/noticias\/wp-content\/uploads\/2026\/03\/Bicicleta-Recuperada-768x576.jpeg 768w, https:\/\/vinasfm.com\/noticias\/wp-content\/uploads\/2026\/03\/Bicicleta-Recuperada.jpeg 1280w\" sizes=\"auto, (max-width: 1024px) 100vw, 1024px\" \/><\/a><\/p>\n<p>Uno de los procedimientos arroj\u00f3 resultado positivo y permiti\u00f3 recuperar el rodado denunciado como robado. En otro domicilio, adem\u00e1s, se concret\u00f3 la aprehensi\u00f3n de un joven de 18 a\u00f1os y el secuestro de un tel\u00e9fono celular, elementos que quedaron incorporados a la causa.<\/p>\n<p>Desde la fiscal\u00eda interviniente se dispusieron nuevas medidas, entre ellas el secuestro de prendas de vestir que coincidir\u00edan con las observadas en registros f\u00edlmicos aportados por la v\u00edctima.<\/p>\n<p>Por otra parte, en San Rafael, personal de la Unidad Motorizada de Acci\u00f3n R\u00e1pida (UMAR) intervino en un procedimiento en el barrio El Molino, donde un hombre fue imputado por infracciones contravencionales y a la normativa vial vigente.<\/p>\n<p>El hecho se inici\u00f3 cuando efectivos que realizaban tareas operativas advirtieron a un motociclista que, al notar la presencia policial, cambi\u00f3 su direcci\u00f3n y aceler\u00f3 la marcha. Tras un seguimiento, el conductor abandon\u00f3 el rodado en la v\u00eda p\u00fablica e ingres\u00f3 a un domicilio cercano.<\/p>\n<p>El veh\u00edculo fue verificado y, si bien no presentaba medidas pendientes, se constat\u00f3 que el conductor no contaba con la documentaci\u00f3n obligatoria. Ante esta situaci\u00f3n, se procedi\u00f3 al secuestro de la motocicleta y a la elaboraci\u00f3n de un acta vial por distintas infracciones, con intervenci\u00f3n del Juzgado Contravencional.<\/p>\n","protected":false},"excerpt":{"rendered":"<p>Los procedimientos fueron realizados por personal de Investigaciones y de la Unidad Motorizada, con intervenci\u00f3n de las autoridades judiciales correspondientes. En &#8230;<\/p>\n","protected":false},"author":7,"featured_media":158838,"comment_status":"open","ping_status":"open","sticky":false,"template":"","format":"standard","meta":{"footnotes":""},"categories":[5,4],"tags":[],"class_list":["post-158836","post","type-post","status-publish","format-standard","has-post-thumbnail","hentry","category-actualidad","category-policiales"],"_links":{"self":[{"href":"https:\/\/vinasfm.com\/noticias\/wp-json\/wp\/v2\/posts\/158836","targetHints":{"allow":["GET"]}}],"collection":[{"href":"https:\/\/vinasfm.com\/noticias\/wp-json\/wp\/v2\/posts"}],"about":[{"href":"https:\/\/vinasfm.com\/noticias\/wp-json\/wp\/v2\/types\/post"}],"author":[{"embeddable":true,"href":"https:\/\/vinasfm.com\/noticias\/wp-json\/wp\/v2\/users\/7"}],"replies":[{"embeddable":true,"href":"https:\/\/vinasfm.com\/noticias\/wp-json\/wp\/v2\/comments?post=158836"}],"version-history":[{"count":1,"href":"https:\/\/vinasfm.com\/noticias\/wp-json\/wp\/v2\/posts\/158836\/revisions"}],"predecessor-version":[{"id":158839,"href":"https:\/\/vinasfm.com\/noticias\/wp-json\/wp\/v2\/posts\/158836\/revisions\/158839"}],"wp:featuredmedia":[{"embeddable":true,"href":"https:\/\/vinasfm.com\/noticias\/wp-json\/wp\/v2\/media\/158838"}],"wp:attachment":[{"href":"https:\/\/vinasfm.com\/noticias\/wp-json\/wp\/v2\/media?parent=158836"}],"wp:term":[{"taxonomy":"category","embeddable":true,"href":"https:\/\/vinasfm.com\/noticias\/wp-json\/wp\/v2\/categories?post=158836"},{"taxonomy":"post_tag","embeddable":true,"href":"https:\/\/vinasfm.com\/noticias\/wp-json\/wp\/v2\/tags?post=158836"}],"curies":[{"name":"wp","href":"https:\/\/api.w.org\/{rel}","templated":true}]}}