{"id":158831,"date":"2026-03-24T11:39:41","date_gmt":"2026-03-24T14:39:41","guid":{"rendered":"https:\/\/vinasfm.com\/noticias\/?p=158831"},"modified":"2026-03-25T09:52:19","modified_gmt":"2026-03-25T12:52:19","slug":"el-andes-fc-busca-renovar-su-dirigencia-para-continuar-la-conduccion-del-club","status":"publish","type":"post","link":"https:\/\/vinasfm.com\/noticias\/el-andes-fc-busca-renovar-su-dirigencia-para-continuar-la-conduccion-del-club\/","title":{"rendered":"EL ANDES FC BUSCA RENOVAR SU DIRIGENCIA PARA CONTINUAR LA CONDUCCI\u00d3N DEL CLUB"},"content":{"rendered":"<h4><strong>En el marco de una reciente asamblea, desde la dirigencia del Croto expusieron la necesidad de sumar nuevos responsables que tomen la conducci\u00f3n de la instituci\u00f3n, de cara a una nueva etapa.<\/strong><\/h4>\n<p>As\u00ed lo notificaba<span style=\"color: #800080;\"><strong> Javier Velasco<\/strong><\/span>, <strong><span style=\"color: #333399;\">Presidente del Andes Foot-Ball Club<\/span><\/strong>, en di\u00e1logo con <strong><span style=\"color: #800080;\">FM VI\u00d1AS<\/span><\/strong>: <em><strong>&#8216;se inform\u00f3 cu\u00e1l es la realidad del club, que hoy est\u00e1 ordenado y funcionando bien, pero faltan dirigentes que se animen a tomar la posta&#8217;\u00a0<\/strong><\/em><\/p>\n<p><em><strong>&#8216;El club ha crecido mucho, tiene distintas fuentes de ingreso como alquileres, sal\u00f3n de fiestas, pileta y otras actividades, hoy podemos decir que tiene autonom\u00eda econ\u00f3mica&#8217;<\/strong><\/em>.<\/p>\n<p>Adem\u00e1s, remarc\u00f3 el buen funcionamiento de las divisiones inferiores, escuelita de f\u00fatbol y la vida social, con un predio que mantiene actividad durante todo el d\u00eda: <em><strong>&#8216;el club est\u00e1 lindo, est\u00e1 lleno de gente, funciona bien en todas sus \u00e1reas&#8217;<\/strong><\/em>, resumio.<\/p>\n<p>Sin embargo, el principal problema radica en la falta de participaci\u00f3n: <em><strong>&#8216;es algo que pasa en todas las instituciones, la gente no se involucran y los que trabajamos hace a\u00f1os estamos cansados&#8217;<\/strong><\/em>, reconocio.<\/p>\n<p>En ese sentido, aclarar\u00f3 que la actual comisi\u00f3n no se alejar\u00e1 del todo, pero s\u00ed busca dar un paso al costado en los cargos principales:<em><strong> &#8216;vamos a seguir acompa\u00f1ando, pero no desde la presidencia, la idea es que otros amigos, hinchas o simpatizantes se sumen&#8217;<\/strong><\/em>, indic\u00f3.<\/p>\n<p>La pr\u00f3xima asamblea fue convocada para el 31 de marzo:<em><strong> &#8216;no es un club fundido ni en crisis, es un club ordenado que hay que mantener. Pero requiere tiempo, compromiso y dedicaci\u00f3n&#8217;<\/strong><\/em>.<\/p>\n<p>Por otro lado, tambi\u00e9n confirmaron novedades en lo deportivo ya que el equipo contar\u00e1 con nuevo cuerpo t\u00e9cnico encabezado por <strong><span style=\"color: #333399;\">Gonzalo Contanzo<\/span><\/strong>, acompa\u00f1ado por el profesor <strong><span style=\"color: #333399;\">Tony G\u00f3mez<\/span><\/strong>, adem\u00e1s del regreso de varios jugadores formados en la instituci\u00f3n.<\/p>\n","protected":false},"excerpt":{"rendered":"<p>En el marco de una reciente asamblea, desde la dirigencia del Croto expusieron la necesidad de sumar nuevos responsables que tomen &#8230;<\/p>\n","protected":false},"author":7,"featured_media":158835,"comment_status":"open","ping_status":"open","sticky":false,"template":"","format":"standard","meta":{"footnotes":""},"categories":[5,3],"tags":[],"class_list":["post-158831","post","type-post","status-publish","format-standard","has-post-thumbnail","hentry","category-actualidad","category-deportes"],"_links":{"self":[{"href":"https:\/\/vinasfm.com\/noticias\/wp-json\/wp\/v2\/posts\/158831","targetHints":{"allow":["GET"]}}],"collection":[{"href":"https:\/\/vinasfm.com\/noticias\/wp-json\/wp\/v2\/posts"}],"about":[{"href":"https:\/\/vinasfm.com\/noticias\/wp-json\/wp\/v2\/types\/post"}],"author":[{"embeddable":true,"href":"https:\/\/vinasfm.com\/noticias\/wp-json\/wp\/v2\/users\/7"}],"replies":[{"embeddable":true,"href":"https:\/\/vinasfm.com\/noticias\/wp-json\/wp\/v2\/comments?post=158831"}],"version-history":[{"count":1,"href":"https:\/\/vinasfm.com\/noticias\/wp-json\/wp\/v2\/posts\/158831\/revisions"}],"predecessor-version":[{"id":158834,"href":"https:\/\/vinasfm.com\/noticias\/wp-json\/wp\/v2\/posts\/158831\/revisions\/158834"}],"wp:featuredmedia":[{"embeddable":true,"href":"https:\/\/vinasfm.com\/noticias\/wp-json\/wp\/v2\/media\/158835"}],"wp:attachment":[{"href":"https:\/\/vinasfm.com\/noticias\/wp-json\/wp\/v2\/media?parent=158831"}],"wp:term":[{"taxonomy":"category","embeddable":true,"href":"https:\/\/vinasfm.com\/noticias\/wp-json\/wp\/v2\/categories?post=158831"},{"taxonomy":"post_tag","embeddable":true,"href":"https:\/\/vinasfm.com\/noticias\/wp-json\/wp\/v2\/tags?post=158831"}],"curies":[{"name":"wp","href":"https:\/\/api.w.org\/{rel}","templated":true}]}}