{"id":158826,"date":"2026-03-24T10:31:03","date_gmt":"2026-03-24T13:31:03","guid":{"rendered":"https:\/\/vinasfm.com\/noticias\/?p=158826"},"modified":"2026-03-25T09:24:48","modified_gmt":"2026-03-25T12:24:48","slug":"una-persona-fue-aprehendida-por-conducir-en-estado-de-ebriedad","status":"publish","type":"post","link":"https:\/\/vinasfm.com\/noticias\/una-persona-fue-aprehendida-por-conducir-en-estado-de-ebriedad\/","title":{"rendered":"UNA PERSONA FUE APREHENDIDA POR CONDUCIR EN ESTADO DE EBRIEDAD"},"content":{"rendered":"<h4>El procedimiento se llev\u00f3 a cabo en la intersecci\u00f3n de Avenida Alvear Este y Libertador.<\/h4>\n<p data-start=\"251\" data-end=\"603\">Seg\u00fan informaron fuentes policiales, el hecho ocurri\u00f3 en el marco de un control vehicular, cuando efectivos detuvieron la marcha de una motocicleta Brava 200 cc. Al momento de la identificaci\u00f3n, el conductor \u2014un joven de 21 a\u00f1os identificado como A. M. D. M.\u2014 no contaba con licencia de conducir y presentaba evidentes signos de haber ingerido alcohol.<\/p>\n<p data-start=\"605\" data-end=\"764\">Tras realizarle el test correspondiente, el mismo arroj\u00f3 un resultado de 1,11 gramos de alcohol por litro de sangre, superando ampliamente el l\u00edmite permitido.<\/p>\n<p data-start=\"766\" data-end=\"977\" data-is-last-node=\"\" data-is-only-node=\"\">Ante esta situaci\u00f3n, se procedi\u00f3 al secuestro del rodado y al traslado del joven a sede policial, donde qued\u00f3 a disposici\u00f3n de la autoridad competente.<\/p>\n<p data-start=\"766\" data-end=\"977\" data-is-last-node=\"\" data-is-only-node=\"\">En la causa intervino la Oficina Fiscal de la jurisdicci\u00f3n.<\/p>\n","protected":false},"excerpt":{"rendered":"<p>El procedimiento se llev\u00f3 a cabo en la intersecci\u00f3n de Avenida Alvear Este y Libertador. Seg\u00fan informaron fuentes policiales, el hecho &#8230;<\/p>\n","protected":false},"author":7,"featured_media":103775,"comment_status":"open","ping_status":"open","sticky":false,"template":"","format":"standard","meta":{"footnotes":""},"categories":[5,4],"tags":[],"class_list":["post-158826","post","type-post","status-publish","format-standard","has-post-thumbnail","hentry","category-actualidad","category-policiales"],"_links":{"self":[{"href":"https:\/\/vinasfm.com\/noticias\/wp-json\/wp\/v2\/posts\/158826","targetHints":{"allow":["GET"]}}],"collection":[{"href":"https:\/\/vinasfm.com\/noticias\/wp-json\/wp\/v2\/posts"}],"about":[{"href":"https:\/\/vinasfm.com\/noticias\/wp-json\/wp\/v2\/types\/post"}],"author":[{"embeddable":true,"href":"https:\/\/vinasfm.com\/noticias\/wp-json\/wp\/v2\/users\/7"}],"replies":[{"embeddable":true,"href":"https:\/\/vinasfm.com\/noticias\/wp-json\/wp\/v2\/comments?post=158826"}],"version-history":[{"count":1,"href":"https:\/\/vinasfm.com\/noticias\/wp-json\/wp\/v2\/posts\/158826\/revisions"}],"predecessor-version":[{"id":158828,"href":"https:\/\/vinasfm.com\/noticias\/wp-json\/wp\/v2\/posts\/158826\/revisions\/158828"}],"wp:featuredmedia":[{"embeddable":true,"href":"https:\/\/vinasfm.com\/noticias\/wp-json\/wp\/v2\/media\/103775"}],"wp:attachment":[{"href":"https:\/\/vinasfm.com\/noticias\/wp-json\/wp\/v2\/media?parent=158826"}],"wp:term":[{"taxonomy":"category","embeddable":true,"href":"https:\/\/vinasfm.com\/noticias\/wp-json\/wp\/v2\/categories?post=158826"},{"taxonomy":"post_tag","embeddable":true,"href":"https:\/\/vinasfm.com\/noticias\/wp-json\/wp\/v2\/tags?post=158826"}],"curies":[{"name":"wp","href":"https:\/\/api.w.org\/{rel}","templated":true}]}}