{"id":158822,"date":"2026-03-24T09:57:33","date_gmt":"2026-03-24T12:57:33","guid":{"rendered":"https:\/\/vinasfm.com\/noticias\/?p=158822"},"modified":"2026-03-25T08:49:53","modified_gmt":"2026-03-25T11:49:53","slug":"hugo-balada-del-rally-cross-country-la-encrucijada-ha-sido-brillante-tanto-en-lo-deportivo-como-en-lo-social","status":"publish","type":"post","link":"https:\/\/vinasfm.com\/noticias\/hugo-balada-del-rally-cross-country-la-encrucijada-ha-sido-brillante-tanto-en-lo-deportivo-como-en-lo-social\/","title":{"rendered":"HUGO BALADA DEL RALLY CROSS COUNTRY LA ENCRUCIJADA: &#8216;HA SIDO BRILLANTE TANTO EN LO DEPORTIVO COMO EN LO SOCIAL&#8217;"},"content":{"rendered":"<h4><strong>La competencia volvi\u00f3 a destacarse en General Alvear con una edici\u00f3n que, seg\u00fan su organizaci\u00f3n, result\u00f3 \u201cbrillante\u201d tanto en lo deportivo como en lo humano. <\/strong><\/h4>\n<p>El balance dej\u00f3 conformidad plena con una carrera sin incidentes, con alto nivel y un fuerte impacto en la regi\u00f3n.<\/p>\n<p><strong>Hugo Balada<\/strong>, <strong><span style=\"color: #800080;\">Director General del Rally Cross Country La Encrucijada<\/span><\/strong>, realiz\u00f3 un balance de la primera fecha que se realiz\u00f3 en nuestro departamento: <em><strong>&#8216;tengo un v\u00ednculo muy especial con General Alvear, he cosechado un mont\u00f3n de amigos y eso es una gran gratificaci\u00f3n&#8217;<\/strong><\/em>.<\/p>\n<p>En ese sentido, destac\u00f3 que cada edici\u00f3n muestra mejoras: <em><strong>&#8216;se va perfeccionando y cada vez sale m\u00e1s lindo, sale mejor&#8217;. <\/strong><\/em>Adem\u00e1s, subray\u00f3 el <span style=\"color: #800080;\"><em><strong>rol clave del Municipio y de los grupos de apoyo<\/strong><\/em><\/span> que hacen posible el desarrollo de este tipo de competencias, junto al aporte constante de corredores locales que colaboran con su experiencia y conocimiento del terreno.<\/p>\n<p>Uno de los puntos m\u00e1s valorados fue la seguridad ya que la carrera se desarroll\u00f3 sin accidentes, cumpliendo con toda la planificaci\u00f3n prevista:<em><strong> &#8216;para nosotros es fundamental que todo salga como se planifica y que los competidores se vayan contentos&#8217;<\/strong><\/em>, se\u00f1al\u00f3.<\/p>\n<p>Participantes de distintos puntos del pa\u00eds, incluso con experiencia en competencias de nivel internacional como el Dakar, destacaron aspectos como la calidad de los recorridos, la prolijidad de la ciudad y, especialmente, la hospitalidad de todos los alvearenses.<\/p>\n<p>&nbsp;<\/p>\n","protected":false},"excerpt":{"rendered":"<p>La competencia volvi\u00f3 a destacarse en General Alvear con una edici\u00f3n que, seg\u00fan su organizaci\u00f3n, result\u00f3 \u201cbrillante\u201d tanto en lo deportivo &#8230;<\/p>\n","protected":false},"author":7,"featured_media":158823,"comment_status":"open","ping_status":"open","sticky":false,"template":"","format":"standard","meta":{"footnotes":""},"categories":[5,232],"tags":[],"class_list":["post-158822","post","type-post","status-publish","format-standard","has-post-thumbnail","hentry","category-actualidad","category-rally-cross-country"],"_links":{"self":[{"href":"https:\/\/vinasfm.com\/noticias\/wp-json\/wp\/v2\/posts\/158822","targetHints":{"allow":["GET"]}}],"collection":[{"href":"https:\/\/vinasfm.com\/noticias\/wp-json\/wp\/v2\/posts"}],"about":[{"href":"https:\/\/vinasfm.com\/noticias\/wp-json\/wp\/v2\/types\/post"}],"author":[{"embeddable":true,"href":"https:\/\/vinasfm.com\/noticias\/wp-json\/wp\/v2\/users\/7"}],"replies":[{"embeddable":true,"href":"https:\/\/vinasfm.com\/noticias\/wp-json\/wp\/v2\/comments?post=158822"}],"version-history":[{"count":2,"href":"https:\/\/vinasfm.com\/noticias\/wp-json\/wp\/v2\/posts\/158822\/revisions"}],"predecessor-version":[{"id":158825,"href":"https:\/\/vinasfm.com\/noticias\/wp-json\/wp\/v2\/posts\/158822\/revisions\/158825"}],"wp:featuredmedia":[{"embeddable":true,"href":"https:\/\/vinasfm.com\/noticias\/wp-json\/wp\/v2\/media\/158823"}],"wp:attachment":[{"href":"https:\/\/vinasfm.com\/noticias\/wp-json\/wp\/v2\/media?parent=158822"}],"wp:term":[{"taxonomy":"category","embeddable":true,"href":"https:\/\/vinasfm.com\/noticias\/wp-json\/wp\/v2\/categories?post=158822"},{"taxonomy":"post_tag","embeddable":true,"href":"https:\/\/vinasfm.com\/noticias\/wp-json\/wp\/v2\/tags?post=158822"}],"curies":[{"name":"wp","href":"https:\/\/api.w.org\/{rel}","templated":true}]}}