{"id":158818,"date":"2026-03-24T09:15:47","date_gmt":"2026-03-24T12:15:47","guid":{"rendered":"https:\/\/vinasfm.com\/noticias\/?p=158818"},"modified":"2026-03-25T08:25:10","modified_gmt":"2026-03-25T11:25:10","slug":"alejo-abutcov-sera-homenajeado-en-su-ciudad-natal","status":"publish","type":"post","link":"https:\/\/vinasfm.com\/noticias\/alejo-abutcov-sera-homenajeado-en-su-ciudad-natal\/","title":{"rendered":"ALEJO ABUTCOV SER\u00c1 HOMENAJEADO EN SU CIUDAD NATAL"},"content":{"rendered":"<h4><strong>Entre los d\u00edas 1 y 4 de abril de 2026 se realizar\u00e1 un significativo homenaje a Alejo Abutcov en <\/strong><strong>Ulianovsk, su provincia natal.<\/strong><\/h4>\n<p>El m\u00fasico <strong><span style=\"color: #333399;\">Alejo Abutcov<\/span><\/strong> (1875-1945) tuvo que emigrar de Rusia luego de la Revoluci\u00f3n<br \/>\nBolchevique, y lleg\u00f3 a General Alvear en 1924, con la intenci\u00f3n de formar una colonia<br \/>\ntolstoiana (la \u00fanica en la Argentina).<\/p>\n<p>En 1928 cre\u00f3 el primer conservatorio del sur provincial, y su influencia fue important\u00edsima para el desarrollo cultural de la comunidad de General Alvear.<\/p>\n<p>Su legado es rescatado del olvido desde el a\u00f1o 2005, a trav\u00e9s de diversos conciertos,<br \/>\npublicaciones y proyectos liderados por el <strong><span style=\"color: #333399;\">Dr. Diego Bosquet<\/span><\/strong>, tanto en la Argentina como en<br \/>\nRusia.<\/p>\n<p>En esta ocasi\u00f3n, <strong><span style=\"color: #333399;\">Diego Bosquet<\/span><\/strong> ha sido invitado a realizar una serie de actividades para<br \/>\nhomenajear a Alejo Abutcov en Ulianovsk, a orillas del r\u00edo Volga.<\/p>\n<p>Entre estas actividades podemos destacar una conferencia especial dedicada a Abutcov, un encuentro con estudiantes y profesores de la<span style=\"color: #333399;\"> <strong>Universidad de Ulianovsk<\/strong><\/span>, una exposici\u00f3n, entrevistas en televisi\u00f3n, etc.<\/p>\n<p>Un hecho trascendente, es que se realizar\u00e1n conciertos de m\u00fasica de c\u00e1mara, de m\u00fasica coral y de m\u00fasica sinf\u00f3nica, en los que importantes int\u00e9rpretes (solistas, coro, orquesta sinf\u00f3nica) har\u00e1n escuchar por primera vez algunas obras de <strong><span style=\"color: #333399;\">Abutcov<\/span><\/strong> en su propia ciudad de origen.<\/p>\n<p>Tambi\u00e9n se proyectar\u00e1, al comienzo del concierto principal, un documental elaborado en <strong><span style=\"color: #333399;\">Ulianovsk sobre Abutcov<\/span><\/strong>, en base a la informaci\u00f3n contenida en las investigaciones de Bosquet.<\/p>\n","protected":false},"excerpt":{"rendered":"<p>Entre los d\u00edas 1 y 4 de abril de 2026 se realizar\u00e1 un significativo homenaje a Alejo Abutcov en Ulianovsk, su &#8230;<\/p>\n","protected":false},"author":7,"featured_media":145384,"comment_status":"open","ping_status":"open","sticky":false,"template":"","format":"standard","meta":{"footnotes":""},"categories":[5,19],"tags":[],"class_list":["post-158818","post","type-post","status-publish","format-standard","has-post-thumbnail","hentry","category-actualidad","category-cultura"],"_links":{"self":[{"href":"https:\/\/vinasfm.com\/noticias\/wp-json\/wp\/v2\/posts\/158818","targetHints":{"allow":["GET"]}}],"collection":[{"href":"https:\/\/vinasfm.com\/noticias\/wp-json\/wp\/v2\/posts"}],"about":[{"href":"https:\/\/vinasfm.com\/noticias\/wp-json\/wp\/v2\/types\/post"}],"author":[{"embeddable":true,"href":"https:\/\/vinasfm.com\/noticias\/wp-json\/wp\/v2\/users\/7"}],"replies":[{"embeddable":true,"href":"https:\/\/vinasfm.com\/noticias\/wp-json\/wp\/v2\/comments?post=158818"}],"version-history":[{"count":2,"href":"https:\/\/vinasfm.com\/noticias\/wp-json\/wp\/v2\/posts\/158818\/revisions"}],"predecessor-version":[{"id":158820,"href":"https:\/\/vinasfm.com\/noticias\/wp-json\/wp\/v2\/posts\/158818\/revisions\/158820"}],"wp:featuredmedia":[{"embeddable":true,"href":"https:\/\/vinasfm.com\/noticias\/wp-json\/wp\/v2\/media\/145384"}],"wp:attachment":[{"href":"https:\/\/vinasfm.com\/noticias\/wp-json\/wp\/v2\/media?parent=158818"}],"wp:term":[{"taxonomy":"category","embeddable":true,"href":"https:\/\/vinasfm.com\/noticias\/wp-json\/wp\/v2\/categories?post=158818"},{"taxonomy":"post_tag","embeddable":true,"href":"https:\/\/vinasfm.com\/noticias\/wp-json\/wp\/v2\/tags?post=158818"}],"curies":[{"name":"wp","href":"https:\/\/api.w.org\/{rel}","templated":true}]}}