{"id":158799,"date":"2026-03-23T10:53:57","date_gmt":"2026-03-23T13:53:57","guid":{"rendered":"https:\/\/vinasfm.com\/noticias\/?p=158799"},"modified":"2026-03-24T11:15:17","modified_gmt":"2026-03-24T14:15:17","slug":"general-alvear-vivio-un-nuevo-encuentro-de-autos-y-motos-antiguas-con-partipacion-nacional-e-internacional","status":"publish","type":"post","link":"https:\/\/vinasfm.com\/noticias\/general-alvear-vivio-un-nuevo-encuentro-de-autos-y-motos-antiguas-con-partipacion-nacional-e-internacional\/","title":{"rendered":"GENERAL ALVEAR VIVI\u00d3 UN NUEVO ENCUENTRO DE AUTOS Y MOTOS ANTIGUAS CON PARTIPACI\u00d3N NACIONAL E INTERNACIONAL"},"content":{"rendered":"<h4><strong>Este fin de semana se desarroll\u00f3 en General Alvear un nuevo encuentro de autos y motos antiguas, organizado por el Club Alvearense de Veh\u00edculos Antiguos (CAVA) con el acompa\u00f1amiento de la Municipalidad. M\u00e1s de 100 rodados, provenientes de distintos puntos del pa\u00eds y de Chile, formaron parte de la propuesta.<\/strong><\/h4>\n<p>Las actividades incluyeron exposiciones y recorridos que convocaron a vecinos y visitantes, con cierre el domingo en el predio ferial mediante un almuerzo de camarader\u00eda.<br \/>\nEl secretario de Gobierno, Fabio G\u00f3mez Parra, destac\u00f3 el crecimiento del evento: <em><strong>\u201ces un encuentro fant\u00e1stico, cada vez m\u00e1s grande. Hay autos de todos lados, incluso del exterior, y la convocatoria es espectacular\u201d<\/strong><\/em>.<\/p>\n<p>Adem\u00e1s, subray\u00f3 el impacto positivo en la ciudad: <em><strong>\u201cestos eventos generan movimiento econ\u00f3mico, turismo y nos permiten mostrar General Alvear hacia afuera\u201d<\/strong><\/em>.<\/p>\n<p>Finalmente, resalt\u00f3 el trabajo conjunto para su realizaci\u00f3n: <em><strong>\u201ces una actividad que suma y en la que participan distintas \u00e1reas del municipio, con toda la Municipalidad puesta a disposici\u00f3n\u201d<\/strong><\/em>.<\/p>\n","protected":false},"excerpt":{"rendered":"<p>Este fin de semana se desarroll\u00f3 en General Alvear un nuevo encuentro de autos y motos antiguas, organizado por el Club &#8230;<\/p>\n","protected":false},"author":7,"featured_media":158800,"comment_status":"open","ping_status":"open","sticky":false,"template":"","format":"standard","meta":{"footnotes":""},"categories":[5,228],"tags":[],"class_list":["post-158799","post","type-post","status-publish","format-standard","has-post-thumbnail","hentry","category-actualidad","category-cava"],"_links":{"self":[{"href":"https:\/\/vinasfm.com\/noticias\/wp-json\/wp\/v2\/posts\/158799","targetHints":{"allow":["GET"]}}],"collection":[{"href":"https:\/\/vinasfm.com\/noticias\/wp-json\/wp\/v2\/posts"}],"about":[{"href":"https:\/\/vinasfm.com\/noticias\/wp-json\/wp\/v2\/types\/post"}],"author":[{"embeddable":true,"href":"https:\/\/vinasfm.com\/noticias\/wp-json\/wp\/v2\/users\/7"}],"replies":[{"embeddable":true,"href":"https:\/\/vinasfm.com\/noticias\/wp-json\/wp\/v2\/comments?post=158799"}],"version-history":[{"count":1,"href":"https:\/\/vinasfm.com\/noticias\/wp-json\/wp\/v2\/posts\/158799\/revisions"}],"predecessor-version":[{"id":158801,"href":"https:\/\/vinasfm.com\/noticias\/wp-json\/wp\/v2\/posts\/158799\/revisions\/158801"}],"wp:featuredmedia":[{"embeddable":true,"href":"https:\/\/vinasfm.com\/noticias\/wp-json\/wp\/v2\/media\/158800"}],"wp:attachment":[{"href":"https:\/\/vinasfm.com\/noticias\/wp-json\/wp\/v2\/media?parent=158799"}],"wp:term":[{"taxonomy":"category","embeddable":true,"href":"https:\/\/vinasfm.com\/noticias\/wp-json\/wp\/v2\/categories?post=158799"},{"taxonomy":"post_tag","embeddable":true,"href":"https:\/\/vinasfm.com\/noticias\/wp-json\/wp\/v2\/tags?post=158799"}],"curies":[{"name":"wp","href":"https:\/\/api.w.org\/{rel}","templated":true}]}}