{"id":158788,"date":"2026-03-23T09:51:47","date_gmt":"2026-03-23T12:51:47","guid":{"rendered":"https:\/\/vinasfm.com\/noticias\/?p=158788"},"modified":"2026-03-24T09:57:29","modified_gmt":"2026-03-24T12:57:29","slug":"aitana-garcia-virreina-departamental-estuvo-presente-en-la-fiesta-provincial-del-canto-y-la-melesca","status":"publish","type":"post","link":"https:\/\/vinasfm.com\/noticias\/aitana-garcia-virreina-departamental-estuvo-presente-en-la-fiesta-provincial-del-canto-y-la-melesca\/","title":{"rendered":"AITANA GARC\u00cdA VIRREINA DEPARTAMENTAL ESTUVO PRESENTE EN LA FIESTA PROVINCIAL DEL CANTO Y LA MELESCA"},"content":{"rendered":"<h4><strong>El Club Los Barriales se llen\u00f3 de m\u00fasica, danza y alegr\u00eda en una nueva edici\u00f3n de la Fiesta Provincial del Canto y la Melesca, convocando a vecinos y visitantes en una noche cargada de tradici\u00f3n y encuentro. En ese marco, Julieta Gui\u00f1az\u00fa, representante de San Mart\u00edn, fue electa como nueva Reina Provincial, sucediendo a Jennifer Martins.<\/strong><\/h4>\n<p><a href=\"https:\/\/vinasfm.com\/noticias\/wp-content\/uploads\/2026\/03\/Aitana.jpeg\"><img loading=\"lazy\" decoding=\"async\" class=\"wp-image-158789 aligncenter\" src=\"https:\/\/vinasfm.com\/noticias\/wp-content\/uploads\/2026\/03\/Aitana-819x1024.jpeg\" alt=\"\" width=\"525\" height=\"656\" srcset=\"https:\/\/vinasfm.com\/noticias\/wp-content\/uploads\/2026\/03\/Aitana-819x1024.jpeg 819w, https:\/\/vinasfm.com\/noticias\/wp-content\/uploads\/2026\/03\/Aitana-240x300.jpeg 240w, https:\/\/vinasfm.com\/noticias\/wp-content\/uploads\/2026\/03\/Aitana-768x960.jpeg 768w, https:\/\/vinasfm.com\/noticias\/wp-content\/uploads\/2026\/03\/Aitana-1229x1536.jpeg 1229w, https:\/\/vinasfm.com\/noticias\/wp-content\/uploads\/2026\/03\/Aitana.jpeg 1280w\" sizes=\"auto, (max-width: 525px) 100vw, 525px\" \/><\/a><\/p>\n<p>El p\u00fablico disfrut\u00f3 de destacados shows en vivo con Los Trovadores de Cuyo, Los Filippis, Cuarto Creciente, Carlos Cabrillana y el Ballet Folkl\u00f3rico Fort\u00edn Gaucho, en una propuesta pensada para toda la familia.<\/p>\n<p>Azul Micaela Antol\u00ednez, Reina Nacional de la Vendimia; Agustina Giacomelli, virreina nacional; soberanas departamentales y distritales acompa\u00f1aron a las candidatas y numerosas barras de seguidores aportaron entusiasmo y color a la tradicional fiesta.<\/p>\n<p>&nbsp;<\/p>\n","protected":false},"excerpt":{"rendered":"<p>El Club Los Barriales se llen\u00f3 de m\u00fasica, danza y alegr\u00eda en una nueva edici\u00f3n de la Fiesta Provincial del Canto &#8230;<\/p>\n","protected":false},"author":7,"featured_media":158791,"comment_status":"open","ping_status":"open","sticky":false,"template":"","format":"standard","meta":{"footnotes":""},"categories":[5,19],"tags":[],"class_list":["post-158788","post","type-post","status-publish","format-standard","has-post-thumbnail","hentry","category-actualidad","category-cultura"],"_links":{"self":[{"href":"https:\/\/vinasfm.com\/noticias\/wp-json\/wp\/v2\/posts\/158788","targetHints":{"allow":["GET"]}}],"collection":[{"href":"https:\/\/vinasfm.com\/noticias\/wp-json\/wp\/v2\/posts"}],"about":[{"href":"https:\/\/vinasfm.com\/noticias\/wp-json\/wp\/v2\/types\/post"}],"author":[{"embeddable":true,"href":"https:\/\/vinasfm.com\/noticias\/wp-json\/wp\/v2\/users\/7"}],"replies":[{"embeddable":true,"href":"https:\/\/vinasfm.com\/noticias\/wp-json\/wp\/v2\/comments?post=158788"}],"version-history":[{"count":2,"href":"https:\/\/vinasfm.com\/noticias\/wp-json\/wp\/v2\/posts\/158788\/revisions"}],"predecessor-version":[{"id":158795,"href":"https:\/\/vinasfm.com\/noticias\/wp-json\/wp\/v2\/posts\/158788\/revisions\/158795"}],"wp:featuredmedia":[{"embeddable":true,"href":"https:\/\/vinasfm.com\/noticias\/wp-json\/wp\/v2\/media\/158791"}],"wp:attachment":[{"href":"https:\/\/vinasfm.com\/noticias\/wp-json\/wp\/v2\/media?parent=158788"}],"wp:term":[{"taxonomy":"category","embeddable":true,"href":"https:\/\/vinasfm.com\/noticias\/wp-json\/wp\/v2\/categories?post=158788"},{"taxonomy":"post_tag","embeddable":true,"href":"https:\/\/vinasfm.com\/noticias\/wp-json\/wp\/v2\/tags?post=158788"}],"curies":[{"name":"wp","href":"https:\/\/api.w.org\/{rel}","templated":true}]}}