{"id":158786,"date":"2026-03-23T09:29:28","date_gmt":"2026-03-23T12:29:28","guid":{"rendered":"https:\/\/vinasfm.com\/noticias\/?p=158786"},"modified":"2026-03-24T09:15:48","modified_gmt":"2026-03-24T12:15:48","slug":"detuvieron-a-una-persona-de-20-anos-por-el-robo-de-una-moto","status":"publish","type":"post","link":"https:\/\/vinasfm.com\/noticias\/detuvieron-a-una-persona-de-20-anos-por-el-robo-de-una-moto\/","title":{"rendered":"DETUVIERON A UNA PERSONA DE 20 A\u00d1OS POR EL ROBO DE UNA MOTO"},"content":{"rendered":"<h4><strong>Un joven de 20 a\u00f1os fue aprehendido durante la madrugada del domingo luego de intentar escapar de la polic\u00eda mientras circulaba en una moto que ten\u00eda pedido por hurto agravado en Maip\u00fa.<\/strong><\/h4>\n<p>El hecho ocurri\u00f3 cerca de la 01:40 hs del domingo en la intersecci\u00f3n de Prolongaci\u00f3n Uspallata y Estanislao Salas, cuando efectivos que realizaban patrullaje preventivo observaron al sujeto en actitud sospechosa. Al advertir la presencia policial, el individuo emprendi\u00f3 la huida, pero fue alcanzado a pocos metros.<\/p>\n<p data-start=\"1060\" data-end=\"1298\">Al ser identificado, el joven manifest\u00f3 no contar con documentaci\u00f3n del rodado, por lo que se procedi\u00f3 a su verificaci\u00f3n. En ese momento, se constat\u00f3 que la motocicleta ten\u00eda un pedido de secuestro por hurto agravado desde Maip\u00fa, Mendoza.<\/p>\n<p data-start=\"1300\" data-end=\"1350\">El aprehendido qued\u00f3 a disposici\u00f3n de la Justicia.<\/p>\n","protected":false},"excerpt":{"rendered":"<p>Un joven de 20 a\u00f1os fue aprehendido durante la madrugada del domingo luego de intentar escapar de la polic\u00eda mientras circulaba &#8230;<\/p>\n","protected":false},"author":7,"featured_media":144114,"comment_status":"open","ping_status":"open","sticky":false,"template":"","format":"standard","meta":{"footnotes":""},"categories":[5,4],"tags":[],"class_list":["post-158786","post","type-post","status-publish","format-standard","has-post-thumbnail","hentry","category-actualidad","category-policiales"],"_links":{"self":[{"href":"https:\/\/vinasfm.com\/noticias\/wp-json\/wp\/v2\/posts\/158786","targetHints":{"allow":["GET"]}}],"collection":[{"href":"https:\/\/vinasfm.com\/noticias\/wp-json\/wp\/v2\/posts"}],"about":[{"href":"https:\/\/vinasfm.com\/noticias\/wp-json\/wp\/v2\/types\/post"}],"author":[{"embeddable":true,"href":"https:\/\/vinasfm.com\/noticias\/wp-json\/wp\/v2\/users\/7"}],"replies":[{"embeddable":true,"href":"https:\/\/vinasfm.com\/noticias\/wp-json\/wp\/v2\/comments?post=158786"}],"version-history":[{"count":2,"href":"https:\/\/vinasfm.com\/noticias\/wp-json\/wp\/v2\/posts\/158786\/revisions"}],"predecessor-version":[{"id":158792,"href":"https:\/\/vinasfm.com\/noticias\/wp-json\/wp\/v2\/posts\/158786\/revisions\/158792"}],"wp:featuredmedia":[{"embeddable":true,"href":"https:\/\/vinasfm.com\/noticias\/wp-json\/wp\/v2\/media\/144114"}],"wp:attachment":[{"href":"https:\/\/vinasfm.com\/noticias\/wp-json\/wp\/v2\/media?parent=158786"}],"wp:term":[{"taxonomy":"category","embeddable":true,"href":"https:\/\/vinasfm.com\/noticias\/wp-json\/wp\/v2\/categories?post=158786"},{"taxonomy":"post_tag","embeddable":true,"href":"https:\/\/vinasfm.com\/noticias\/wp-json\/wp\/v2\/tags?post=158786"}],"curies":[{"name":"wp","href":"https:\/\/api.w.org\/{rel}","templated":true}]}}