{"id":158781,"date":"2026-03-23T08:50:18","date_gmt":"2026-03-23T11:50:18","guid":{"rendered":"https:\/\/vinasfm.com\/noticias\/?p=158781"},"modified":"2026-03-23T11:29:11","modified_gmt":"2026-03-23T14:29:11","slug":"reabrio-el-paso-cristo-redentor-2","status":"publish","type":"post","link":"https:\/\/vinasfm.com\/noticias\/reabrio-el-paso-cristo-redentor-2\/","title":{"rendered":"REABRI\u00d3 EL PASO CRISTO REDENTOR"},"content":{"rendered":"<h4><strong>Se trata de una novedad importante en pleno fin de semana extralargo en Argentina. El mal tiempo hab\u00eda obligado a suspender el tr\u00e1nsito.<\/strong><\/h4>\n<article class=\"article-body article-body--first-paragraph\" data-td-script-src=\"https:\/\/www.losandes.com.ar\/js-custom\/vendor\/jquery\/jquery-3.6.0.min-min-version-1774238722.js\" data-mrf-recirculation=\"Cuerpo noticia\">Las autoridades anunciaron la<strong>\u00a0reapertura de<a href=\"https:\/\/www.losandes.com.ar\/temas\/paso-cristo-redentor\" target=\"_blank\" rel=\"follow noopener\" data-mrf-link=\"https:\/\/www.losandes.com.ar\/temas\/paso-cristo-redentor\">l paso Cristo Redentor\u00a0<\/a>este lunes a partir de las 8 de la ma\u00f1ana.\u00a0<\/strong>La habilitaci\u00f3n es para todo tipo de veh\u00edculos, en ambos sentidos.<\/article>\n<div class=\"banner__content-wrapper\">\n<article class=\"article-body article-body--second-paragraph\" data-mrf-recirculation=\"Cuerpo noticia\">Por pron\u00f3stico de\u00a0<strong>nevadas\u00a0<\/strong>y\u00a0<strong>hielo\u00a0<\/strong>en la calzada, el corredor internacional que une Argentina y Chile hab\u00eda cerrado el viernes pasado. Si bien luego hubo una ventana corta de apertura por 24 horas, el domingo volvi\u00f3 a suspender su tr\u00e1nsito.<\/article>\n<article class=\"article-body article-body--third-paragraph\" data-mrf-recirculation=\"Cuerpo noticia\">Con la mejor\u00eda de condiciones meteorol\u00f3gicas y la seguridad en la ruta, hoy ya se pueden retomar los viajes.<\/article>\n<article class=\"article-body article-body--fourth-paragraph\" data-mrf-recirculation=\"Cuerpo noticia\">La novedad llega en un\u00a0<strong>momento importante<\/strong>\u00a0del\u00a0<strong>fin de semana extralargo\u00a0<\/strong>en Argentina, que abarca hasta el martes 24 de marzo por el feriado del D\u00eda de la Memoria, en el que miles de ciudadanos aprovechan una\u00a0<strong>escapada tur\u00edstica\u00a0<\/strong>al vecino pa\u00eds.<\/p>\n<article class=\"article-body article-body--fifth-paragraph\" data-mrf-recirculation=\"Cuerpo noticia\">Para quienes circulen a Alta Monta\u00f1a, a llevar mucho abrigo: las temperaturas eran\u00a0<strong>bajo cero\u00a0<\/strong>esta ma\u00f1ana.<\/article>\n<article class=\"article-body article-body--third-paragraph\" data-mrf-recirculation=\"Cuerpo noticia\">Por otra parte, el\u00a0<strong>paso Pehuenche<\/strong>, ubicado en el sur provincial y que permanec\u00eda cerrado, reabre en su horario habitual tambi\u00e9n este lunes. Salida de Argentina: de 8 a 19. Entrada: de 8 a 20.<\/p>\n<h2>Chile cambia de hora a partir del 4\u00b0 de abril<\/h2>\n<p>A partir del<strong>\u00a0s\u00e1bado 4 de abril de 2026<\/strong>\u00a0empezar\u00e1 a regir en\u00a0<strong>Chile\u00a0<\/strong>el\u00a0<strong>horario de invierno<\/strong>, lo que afectar\u00e1 a la mayor parte del pa\u00eds trasandino, a excepci\u00f3n de la regi\u00f3n de Magallanes y la Ant\u00e1rtica Chilena.<\/p>\n<p><strong>Chile atrasar\u00e1 sus relojes,<\/strong>\u00a0pasando\u00a0<strong>del actual huso horario UTC-3 (el de Argentina) al UTC-4<\/strong>.<\/p>\n<p>La medida fue determinada por el gobierno chileno para\u00a0<strong>finalizar\u00a0<\/strong><strong>el horario de verano (UTC-3), que regresar\u00e1 reci\u00e9n en septiembre<\/strong>.<\/p>\n<p><strong>En concreto, se deber\u00e1 atrasar los relojes una hora,<\/strong>\u00a0desde las 00 horas del domingo 5 a las 23.00 del s\u00e1bado 4 de abril.<\/p>\n<p>Marcando una diferencia,\u00a0<strong>en Isla de Pascua e Isla Salas y G\u00f3mez\u00a0<\/strong>el horario de invierno comenzar\u00e1 el 4 de abril a las 22.00 de la hora local.<\/p>\n<\/article>\n<\/article>\n<\/div>\n","protected":false},"excerpt":{"rendered":"<p>Se trata de una novedad importante en pleno fin de semana extralargo en Argentina. El mal tiempo hab\u00eda obligado a suspender &#8230;<\/p>\n","protected":false},"author":7,"featured_media":156884,"comment_status":"open","ping_status":"open","sticky":false,"template":"","format":"standard","meta":{"footnotes":""},"categories":[5,204],"tags":[],"class_list":["post-158781","post","type-post","status-publish","format-standard","has-post-thumbnail","hentry","category-actualidad","category-paso-redentor"],"_links":{"self":[{"href":"https:\/\/vinasfm.com\/noticias\/wp-json\/wp\/v2\/posts\/158781","targetHints":{"allow":["GET"]}}],"collection":[{"href":"https:\/\/vinasfm.com\/noticias\/wp-json\/wp\/v2\/posts"}],"about":[{"href":"https:\/\/vinasfm.com\/noticias\/wp-json\/wp\/v2\/types\/post"}],"author":[{"embeddable":true,"href":"https:\/\/vinasfm.com\/noticias\/wp-json\/wp\/v2\/users\/7"}],"replies":[{"embeddable":true,"href":"https:\/\/vinasfm.com\/noticias\/wp-json\/wp\/v2\/comments?post=158781"}],"version-history":[{"count":2,"href":"https:\/\/vinasfm.com\/noticias\/wp-json\/wp\/v2\/posts\/158781\/revisions"}],"predecessor-version":[{"id":158809,"href":"https:\/\/vinasfm.com\/noticias\/wp-json\/wp\/v2\/posts\/158781\/revisions\/158809"}],"wp:featuredmedia":[{"embeddable":true,"href":"https:\/\/vinasfm.com\/noticias\/wp-json\/wp\/v2\/media\/156884"}],"wp:attachment":[{"href":"https:\/\/vinasfm.com\/noticias\/wp-json\/wp\/v2\/media?parent=158781"}],"wp:term":[{"taxonomy":"category","embeddable":true,"href":"https:\/\/vinasfm.com\/noticias\/wp-json\/wp\/v2\/categories?post=158781"},{"taxonomy":"post_tag","embeddable":true,"href":"https:\/\/vinasfm.com\/noticias\/wp-json\/wp\/v2\/tags?post=158781"}],"curies":[{"name":"wp","href":"https:\/\/api.w.org\/{rel}","templated":true}]}}