{"id":158755,"date":"2026-03-20T10:58:22","date_gmt":"2026-03-20T13:58:22","guid":{"rendered":"https:\/\/vinasfm.com\/noticias\/?p=158755"},"modified":"2026-03-23T09:29:27","modified_gmt":"2026-03-23T12:29:27","slug":"los-vinos-egresados-de-la-uncuyo-vuelven-a-destacarse-en-casa-de-mendoza","status":"publish","type":"post","link":"https:\/\/vinasfm.com\/noticias\/los-vinos-egresados-de-la-uncuyo-vuelven-a-destacarse-en-casa-de-mendoza\/","title":{"rendered":"LOS VINOS \u201cEGRESADOS\u201d DE LA EA VUELVEN A DESTACARSE EN CASA DE MENDOZA"},"content":{"rendered":"<h4 class=\"wp-block-heading\"><span style=\"color: #003300;\"><strong>Este es el segundo a\u00f1o que los varietales \u00abEgresados\u00bb, elaborados por la escuela de la UNCuyo en General Alvear, acompa\u00f1an las ferias realizadas en Casa de Mendoza en Buenos Aires.<\/strong><\/span><\/h4>\n<p>\u00ab<a href=\"https:\/\/www.uncuyo.edu.ar\/prensa\/egresados-el-vino-con-el-que-la-escuela-de-agricultura-celebra-sus-70-anos2223\" target=\"_blank\" rel=\"noreferrer noopener\">Egresados<\/a>\u00bb\u00a0es el nombre del vino que los alumnos de sexto a\u00f1o producen en la <em>Bodega Piloto<\/em> de la escuela, fundada en 1970 y declarada Patrimonio Hist\u00f3rico y Cultural de General Alvear por el Concejo Deliberante de la ciudad. <strong>En ella, guiados por los profesores a cargo de las pr\u00e1cticas profesionales, elaboran dos varietales: bonarda y cabernet sauvignon, uvas que cosechan de los vi\u00f1edos de la finca experimental de la instituci\u00f3n.<\/strong><\/p>\n<p>Los vinos no son los \u00fanicos protagonistas, elaborados por los estudiantes de quinto y sexto a\u00f1o de la Escuela de Agricultura que participan en todo el proceso. Tambi\u00e9n producen salsa de tomate, conservas y mermeladas de frutas de estaci\u00f3n, que junto a distintos emprendedores mendocinos\u00a0exponen y comercializan sus productos en Casa de Mendoza.<strong> El objetivo es promover la cultura, el turismo y la econom\u00eda de nuestra provincia. \u00a0<\/strong><\/p>\n<p><a href=\"https:\/\/vinasfm.com\/noticias\/wp-content\/uploads\/2026\/03\/EA-2-900x1200-1.jpeg\"><img loading=\"lazy\" decoding=\"async\" class=\"wp-image-158756 aligncenter\" src=\"https:\/\/vinasfm.com\/noticias\/wp-content\/uploads\/2026\/03\/EA-2-900x1200-1-768x1024.jpeg\" alt=\"\" width=\"440\" height=\"587\" srcset=\"https:\/\/vinasfm.com\/noticias\/wp-content\/uploads\/2026\/03\/EA-2-900x1200-1-768x1024.jpeg 768w, https:\/\/vinasfm.com\/noticias\/wp-content\/uploads\/2026\/03\/EA-2-900x1200-1-225x300.jpeg 225w, https:\/\/vinasfm.com\/noticias\/wp-content\/uploads\/2026\/03\/EA-2-900x1200-1.jpeg 900w\" sizes=\"auto, (max-width: 440px) 100vw, 440px\" \/><\/a><\/p>\n<p>La articulaci\u00f3n para que esto se hiciera posible se dio a partir de gestiones realizadas por <span style=\"color: #003366;\"><strong>Pablo Hortal<\/strong><\/span>, <em>director de Casa de Mendoza<\/em>, y la <em>rectora de la UNCuyo<\/em><span style=\"color: #003366;\"><strong> Esther S\u00e1nchez<\/strong><\/span>, junto a la directora de <em>Escuela de Agricultura<\/em>, <span style=\"color: #003366;\"><strong>Daniela L\u00f3pez<\/strong><\/span>, quien concurri\u00f3 a Casa de Mendoza.<\/p>\n<p>Es significativo destacar que la directora Daniela L\u00f3pez sostuvo que estar presente en Casa de Mendoza en Buenos Aires para la Escuela de Agricultura dependiente de la UNCuyo es muy importante, y participar en las ferias de la Casa es una manera de poner en valor el trabajo de los docentes y estudiantes que trabajan la tierra, adem\u00e1s de resaltar la importancia que tiene la educaci\u00f3n t\u00e9cnica agropecuaria para la provincia de Mendoza.<\/p>\n","protected":false},"excerpt":{"rendered":"<p>Este es el segundo a\u00f1o que los varietales \u00abEgresados\u00bb, elaborados por la escuela de la UNCuyo en General Alvear, acompa\u00f1an las &#8230;<\/p>\n","protected":false},"author":7,"featured_media":158757,"comment_status":"open","ping_status":"open","sticky":false,"template":"","format":"standard","meta":{"footnotes":""},"categories":[5,18],"tags":[],"class_list":["post-158755","post","type-post","status-publish","format-standard","has-post-thumbnail","hentry","category-actualidad","category-educacion"],"_links":{"self":[{"href":"https:\/\/vinasfm.com\/noticias\/wp-json\/wp\/v2\/posts\/158755","targetHints":{"allow":["GET"]}}],"collection":[{"href":"https:\/\/vinasfm.com\/noticias\/wp-json\/wp\/v2\/posts"}],"about":[{"href":"https:\/\/vinasfm.com\/noticias\/wp-json\/wp\/v2\/types\/post"}],"author":[{"embeddable":true,"href":"https:\/\/vinasfm.com\/noticias\/wp-json\/wp\/v2\/users\/7"}],"replies":[{"embeddable":true,"href":"https:\/\/vinasfm.com\/noticias\/wp-json\/wp\/v2\/comments?post=158755"}],"version-history":[{"count":2,"href":"https:\/\/vinasfm.com\/noticias\/wp-json\/wp\/v2\/posts\/158755\/revisions"}],"predecessor-version":[{"id":158759,"href":"https:\/\/vinasfm.com\/noticias\/wp-json\/wp\/v2\/posts\/158755\/revisions\/158759"}],"wp:featuredmedia":[{"embeddable":true,"href":"https:\/\/vinasfm.com\/noticias\/wp-json\/wp\/v2\/media\/158757"}],"wp:attachment":[{"href":"https:\/\/vinasfm.com\/noticias\/wp-json\/wp\/v2\/media?parent=158755"}],"wp:term":[{"taxonomy":"category","embeddable":true,"href":"https:\/\/vinasfm.com\/noticias\/wp-json\/wp\/v2\/categories?post=158755"},{"taxonomy":"post_tag","embeddable":true,"href":"https:\/\/vinasfm.com\/noticias\/wp-json\/wp\/v2\/tags?post=158755"}],"curies":[{"name":"wp","href":"https:\/\/api.w.org\/{rel}","templated":true}]}}