{"id":158750,"date":"2026-03-20T10:15:25","date_gmt":"2026-03-20T13:15:25","guid":{"rendered":"https:\/\/vinasfm.com\/noticias\/?p=158750"},"modified":"2026-03-23T09:13:43","modified_gmt":"2026-03-23T12:13:43","slug":"lanzan-en-general-alvear-la-carrera-de-guardavidas-con-validez-nacional-e-internacional","status":"publish","type":"post","link":"https:\/\/vinasfm.com\/noticias\/lanzan-en-general-alvear-la-carrera-de-guardavidas-con-validez-nacional-e-internacional\/","title":{"rendered":"LANZAN EN GENERAL ALVEAR LA CARRERA DE GUARDAVIDAS CON VALIDEZ NACIONAL E INTERNACIONAL"},"content":{"rendered":"<h4><span style=\"color: #003300;\"><strong>En di\u00e1logo con FM VI\u00d1AS, el director de Deportes de General Alvear, Alberto G\u00f3mez, anunci\u00f3 el inicio de la carrera de guardavidas a partir del mes de abril, una propuesta formativa largamente esperada en el departamento.<\/strong><\/span><\/h4>\n<p>Seg\u00fan explic\u00f3 el funcionario, se trata de una capacitaci\u00f3n con validez nacional e internacional, destinada a cubrir una necesidad concreta en la regi\u00f3n.<strong><em> \u201cEs algo muy requerido no solo en nuestro departamento, sino tambi\u00e9n en zonas aleda\u00f1as, teniendo en cuenta que las normativas exigen la presencia de guardavidas habilitados en natatorios y espejos de agua\u201d<\/em><\/strong>, se\u00f1al\u00f3.<\/p>\n<p>En este sentido, <span style=\"color: #003366;\"><strong>G\u00f3mez<\/strong> <\/span>destac\u00f3 que la falta de profesionales capacitados era una problem\u00e1tica local, por lo que desde el municipio se trabaj\u00f3 en la gesti\u00f3n de un convenio con la Universidad Maza para poder dictar la carrera en General Alvear.<\/p>\n<p>Adem\u00e1s, la iniciativa cuenta con el acompa\u00f1amiento del Club Banco Naci\u00f3n, que aportar\u00e1 sus instalaciones, incluyendo una pileta cubierta y climatizada, lo que permitir\u00e1 desarrollar las pr\u00e1cticas necesarias durante todo el a\u00f1o.<\/p>\n<p>Las inscripciones ya se encuentran abiertas y los interesados pueden acceder a m\u00e1s informaci\u00f3n a trav\u00e9s de los canales oficiales de la universidad o mediante un c\u00f3digo QR difundido por el municipio. Asimismo, desde la Direcci\u00f3n de Deportes se inform\u00f3 que ante cualquier consulta se puede llamar al tel\u00e9fono fijo 422222.<\/p>\n<p>De esta manera, el departamento suma una nueva propuesta educativa y profesional, orientada a fortalecer la seguridad en espacios acu\u00e1ticos y generar nuevas oportunidades laborales para la comunidad.<\/p>\n","protected":false},"excerpt":{"rendered":"<p>En di\u00e1logo con FM VI\u00d1AS, el director de Deportes de General Alvear, Alberto G\u00f3mez, anunci\u00f3 el inicio de la carrera de &#8230;<\/p>\n","protected":false},"author":7,"featured_media":158753,"comment_status":"open","ping_status":"open","sticky":false,"template":"","format":"standard","meta":{"footnotes":""},"categories":[5,3],"tags":[],"class_list":["post-158750","post","type-post","status-publish","format-standard","has-post-thumbnail","hentry","category-actualidad","category-deportes"],"_links":{"self":[{"href":"https:\/\/vinasfm.com\/noticias\/wp-json\/wp\/v2\/posts\/158750","targetHints":{"allow":["GET"]}}],"collection":[{"href":"https:\/\/vinasfm.com\/noticias\/wp-json\/wp\/v2\/posts"}],"about":[{"href":"https:\/\/vinasfm.com\/noticias\/wp-json\/wp\/v2\/types\/post"}],"author":[{"embeddable":true,"href":"https:\/\/vinasfm.com\/noticias\/wp-json\/wp\/v2\/users\/7"}],"replies":[{"embeddable":true,"href":"https:\/\/vinasfm.com\/noticias\/wp-json\/wp\/v2\/comments?post=158750"}],"version-history":[{"count":2,"href":"https:\/\/vinasfm.com\/noticias\/wp-json\/wp\/v2\/posts\/158750\/revisions"}],"predecessor-version":[{"id":158754,"href":"https:\/\/vinasfm.com\/noticias\/wp-json\/wp\/v2\/posts\/158750\/revisions\/158754"}],"wp:featuredmedia":[{"embeddable":true,"href":"https:\/\/vinasfm.com\/noticias\/wp-json\/wp\/v2\/media\/158753"}],"wp:attachment":[{"href":"https:\/\/vinasfm.com\/noticias\/wp-json\/wp\/v2\/media?parent=158750"}],"wp:term":[{"taxonomy":"category","embeddable":true,"href":"https:\/\/vinasfm.com\/noticias\/wp-json\/wp\/v2\/categories?post=158750"},{"taxonomy":"post_tag","embeddable":true,"href":"https:\/\/vinasfm.com\/noticias\/wp-json\/wp\/v2\/tags?post=158750"}],"curies":[{"name":"wp","href":"https:\/\/api.w.org\/{rel}","templated":true}]}}