{"id":158747,"date":"2026-03-20T09:49:29","date_gmt":"2026-03-20T12:49:29","guid":{"rendered":"https:\/\/vinasfm.com\/noticias\/?p=158747"},"modified":"2026-03-23T08:50:17","modified_gmt":"2026-03-23T11:50:17","slug":"profesionales-de-la-salud-en-plan-de-lucha-denuncian-falta-de-paritarias-y-salarios-insuficientes","status":"publish","type":"post","link":"https:\/\/vinasfm.com\/noticias\/profesionales-de-la-salud-en-plan-de-lucha-denuncian-falta-de-paritarias-y-salarios-insuficientes\/","title":{"rendered":"PROFESIONALES DE LA SALUD EN PLAN DE LUCHA: DENUNCIAN FALTA DE PARITARIAS Y SALARIOS INSUFICIENTES"},"content":{"rendered":"<h4><strong><span style=\"color: #003300;\">En di\u00e1logo con FM VI\u00d1AS, el delegado departamental de AMPROS, Marcelo Castillo, brind\u00f3 detalles sobre el conflicto que atraviesan los profesionales de la salud en Mendoza, en el marco de un plan de lucha que incluye asambleas diarias en los lugares de trabajo.<\/span><\/strong><\/h4>\n<p>Castillo explic\u00f3 que <span style=\"color: #003366;\"><strong>AMPROS<\/strong><\/span> es el gremio que nuclea a un amplio abanico de profesionales de la salud, tanto humana como animal, incluyendo m\u00e9dicos, veterinarios, licenciados en enfermer\u00eda, kinesi\u00f3logos, odont\u00f3logos, bioqu\u00edmicos y trabajadores sociales, todos regidos por la ley de carrera m\u00e9dica.<\/p>\n<p>En este contexto, indic\u00f3 que actualmente se encuentran realizando asambleas de una hora por d\u00eda en efectores de salud de toda la provincia, en reclamo por la falta de negociaci\u00f3n paritaria.<em><strong> \u201cNo hemos entrado a paritar, porque el Gobierno ha presentado una propuesta inamovible, sin posibilidad de discutirla ni de incorporar otros reclamos laborales\u201d<\/strong><\/em>, se\u00f1al\u00f3.<\/p>\n<p>Entre los principales puntos de conflicto, el dirigente gremial destac\u00f3 la situaci\u00f3n de los profesionales contratados durante la pandemia, quienes a\u00fan no han sido incorporados a planta permanente.<strong><em> \u201cMuchos de ellos salvaron vidas en un contexto cr\u00edtico y hoy siguen en condiciones de precariedad laboral, mientras que solo algunos han sido efectivizados\u201d<\/em><\/strong>, remarc\u00f3.<\/p>\n<p>Asimismo, calific\u00f3 como <strong><em>\u201cinsuficiente\u201d<\/em><\/strong> la propuesta salarial del Ejecutivo provincial, al considerar que los incrementos ofrecidos no alcanzan a cubrir el costo de vida actual. <strong><em>\u201cHay profesionales que con los aumentos propuestos no llegan ni a comprar un kilo de carne. Adem\u00e1s, los ajustes se calculan sobre salarios de meses anteriores, lo que implica una p\u00e9rdida constante frente a la inflaci\u00f3n\u201d<\/em><\/strong>, explic\u00f3.<\/p>\n<p>El delegado tambi\u00e9n cuestion\u00f3 la falta de actualizaci\u00f3n acorde al contexto econ\u00f3mico y denunci\u00f3 que las condiciones de negociaci\u00f3n son desiguales.<em><strong> \u201cEs pr\u00e1cticamente un decreto encubierto: o se acepta lo que ofrecen o se impone por decreto\u201d<\/strong><\/em>, afirm\u00f3.<\/p>\n<p>En ese sentido, inform\u00f3 que la situaci\u00f3n ya fue elevada a la Organizaci\u00f3n Internacional del Trabajo (OIT), que podr\u00eda intervenir mediante veedores en las negociaciones paritarias.<\/p>\n<p>Castillo advirti\u00f3 adem\u00e1s sobre las consecuencias que este escenario genera en el sistema de salud p\u00fablica, con una creciente migraci\u00f3n de profesionales hacia el sector privado, otras provincias e incluso al exterior.<em><strong> \u201cHoy muchos m\u00e9dicos optan por trabajar en pa\u00edses como Chile, donde una guardia puede pagarse hasta seis veces m\u00e1s que en Argentina\u201d<\/strong><\/em>, indic\u00f3.<\/p>\n<p>Finalmente, convoc\u00f3 a los profesionales a sumarse a las medidas de fuerza y pidi\u00f3 comprensi\u00f3n a la comunidad: <em><strong>\u201cNo se abandonan las urgencias ni las emergencias, pero necesitamos visibilizar esta situaci\u00f3n. Sin el acompa\u00f1amiento de las bases, los reclamos no tendr\u00e1n el impacto necesario\u201d<\/strong><\/em>.<\/p>\n<p>El conflicto contin\u00faa sin una resoluci\u00f3n a la vista y podr\u00eda profundizarse en los pr\u00f3ximos d\u00edas si no se abren instancias reales de negociaci\u00f3n.<\/p>\n","protected":false},"excerpt":{"rendered":"<p>En di\u00e1logo con FM VI\u00d1AS, el delegado departamental de AMPROS, Marcelo Castillo, brind\u00f3 detalles sobre el conflicto que atraviesan los profesionales &#8230;<\/p>\n","protected":false},"author":7,"featured_media":158748,"comment_status":"open","ping_status":"open","sticky":false,"template":"","format":"standard","meta":{"footnotes":""},"categories":[5,15],"tags":[],"class_list":["post-158747","post","type-post","status-publish","format-standard","has-post-thumbnail","hentry","category-actualidad","category-salud"],"_links":{"self":[{"href":"https:\/\/vinasfm.com\/noticias\/wp-json\/wp\/v2\/posts\/158747","targetHints":{"allow":["GET"]}}],"collection":[{"href":"https:\/\/vinasfm.com\/noticias\/wp-json\/wp\/v2\/posts"}],"about":[{"href":"https:\/\/vinasfm.com\/noticias\/wp-json\/wp\/v2\/types\/post"}],"author":[{"embeddable":true,"href":"https:\/\/vinasfm.com\/noticias\/wp-json\/wp\/v2\/users\/7"}],"replies":[{"embeddable":true,"href":"https:\/\/vinasfm.com\/noticias\/wp-json\/wp\/v2\/comments?post=158747"}],"version-history":[{"count":1,"href":"https:\/\/vinasfm.com\/noticias\/wp-json\/wp\/v2\/posts\/158747\/revisions"}],"predecessor-version":[{"id":158749,"href":"https:\/\/vinasfm.com\/noticias\/wp-json\/wp\/v2\/posts\/158747\/revisions\/158749"}],"wp:featuredmedia":[{"embeddable":true,"href":"https:\/\/vinasfm.com\/noticias\/wp-json\/wp\/v2\/media\/158748"}],"wp:attachment":[{"href":"https:\/\/vinasfm.com\/noticias\/wp-json\/wp\/v2\/media?parent=158747"}],"wp:term":[{"taxonomy":"category","embeddable":true,"href":"https:\/\/vinasfm.com\/noticias\/wp-json\/wp\/v2\/categories?post=158747"},{"taxonomy":"post_tag","embeddable":true,"href":"https:\/\/vinasfm.com\/noticias\/wp-json\/wp\/v2\/tags?post=158747"}],"curies":[{"name":"wp","href":"https:\/\/api.w.org\/{rel}","templated":true}]}}