{"id":158707,"date":"2026-03-19T10:32:33","date_gmt":"2026-03-19T13:32:33","guid":{"rendered":"https:\/\/vinasfm.com\/noticias\/?p=158707"},"modified":"2026-03-20T10:00:25","modified_gmt":"2026-03-20T13:00:25","slug":"hector-hernan-pavez-es-el-nuevo-presidente-del-club-real-del-padre","status":"publish","type":"post","link":"https:\/\/vinasfm.com\/noticias\/hector-hernan-pavez-es-el-nuevo-presidente-del-club-real-del-padre\/","title":{"rendered":"H\u00c9CTOR HERN\u00c1N PAVEZ ES EL NUEVO PRESIDENTE DEL CLUB REAL DEL PADRE"},"content":{"rendered":"<h4><strong>El club proyecta ampliar disciplinas para fortalecer su rol en la comunidad.<\/strong><\/h4>\n<p>En un contexto complejo para las instituciones deportivas, el <strong><span style=\"color: #333399;\">Club Real del Padre<\/span><\/strong> inicia una nueva etapa con la conformaci\u00f3n de un grupo de trabajo que busca reactivar la vida institucional y garantizar su participaci\u00f3n en la <strong><span style=\"color: #ff0000;\">Liga Alvearense de F\u00fatbol<\/span><\/strong>.<\/p>\n<p><strong><span style=\"color: #333399;\">H\u00e9ctor Hern\u00e1n<\/span><\/strong>, uno de los nuevos referentes de la comisi\u00f3n, explic\u00f3 que asumieron el desaf\u00edo ante el riesgo de que el club no pudiera competir esta temporada:<em><strong> &#8216;aceptamos con un grupo de amigos para sacar adelante la instituci\u00f3n y dejarla lo mejor posible desde lo futbol\u00edstico&#8217;<\/strong><\/em>, se\u00f1al\u00f3.<\/p>\n<p>El dirigente destac\u00f3 que, en pocos d\u00edas, lograron sumar colaboradores dispuestos a trabajar por el club: <em><strong>&#8216;se est\u00e1 arrimando mucha gente con ganas de ayudar, algo que no siempre ocurre en las instituciones, donde muchas veces cuesta que se involucren&#8217;<\/strong><\/em>, expres\u00f3.<\/p>\n<p><strong><span style=\"color: #333399;\">Real del Padre<\/span><\/strong>, una instituci\u00f3n con d\u00e9cadas de historia en el f\u00fatbol local, atraves\u00f3 a\u00f1os dif\u00edciles en los que incluso estuvo cerca de quedar fuera de competencia. Sin embargo, en la actualidad, el objetivo es no solo sostener la participaci\u00f3n, sino tambi\u00e9n proyectar crecimiento.<\/p>\n<p><em><strong>&#8216;Queremos un club m\u00e1s grande, inclusivo, que contenga a los chicos, apuntamos mucho a las divisiones inferiores, a que sea una segunda escuela&#8217;<\/strong><\/em>, afirm\u00f3 Hern\u00e1n, remarcando la importancia del rol social que cumplen estas entidades.<\/p>\n<p>En cuanto a la situaci\u00f3n actual, reconoci\u00f3 que existen m\u00faltiples necesidades:<em><strong> &#8216;hay que trabajar en todo desde infraestructura, organizaci\u00f3n y recursos sabemos donde estamos parados y que hay mucho por mejorar&#8217;<\/strong><\/em>, indic\u00f3.<\/p>\n<p>Actualmente, el club desarrolla \u00fanicamente la disciplina de f\u00fatbol, aunque uno de los principales proyectos es sumar nuevas actividades deportivas.<\/p>\n","protected":false},"excerpt":{"rendered":"<p>El club proyecta ampliar disciplinas para fortalecer su rol en la comunidad. En un contexto complejo para las instituciones deportivas, el &#8230;<\/p>\n","protected":false},"author":7,"featured_media":158709,"comment_status":"open","ping_status":"open","sticky":false,"template":"","format":"standard","meta":{"footnotes":""},"categories":[3,11],"tags":[],"class_list":["post-158707","post","type-post","status-publish","format-standard","has-post-thumbnail","hentry","category-deportes","category-sociales"],"_links":{"self":[{"href":"https:\/\/vinasfm.com\/noticias\/wp-json\/wp\/v2\/posts\/158707","targetHints":{"allow":["GET"]}}],"collection":[{"href":"https:\/\/vinasfm.com\/noticias\/wp-json\/wp\/v2\/posts"}],"about":[{"href":"https:\/\/vinasfm.com\/noticias\/wp-json\/wp\/v2\/types\/post"}],"author":[{"embeddable":true,"href":"https:\/\/vinasfm.com\/noticias\/wp-json\/wp\/v2\/users\/7"}],"replies":[{"embeddable":true,"href":"https:\/\/vinasfm.com\/noticias\/wp-json\/wp\/v2\/comments?post=158707"}],"version-history":[{"count":2,"href":"https:\/\/vinasfm.com\/noticias\/wp-json\/wp\/v2\/posts\/158707\/revisions"}],"predecessor-version":[{"id":158713,"href":"https:\/\/vinasfm.com\/noticias\/wp-json\/wp\/v2\/posts\/158707\/revisions\/158713"}],"wp:featuredmedia":[{"embeddable":true,"href":"https:\/\/vinasfm.com\/noticias\/wp-json\/wp\/v2\/media\/158709"}],"wp:attachment":[{"href":"https:\/\/vinasfm.com\/noticias\/wp-json\/wp\/v2\/media?parent=158707"}],"wp:term":[{"taxonomy":"category","embeddable":true,"href":"https:\/\/vinasfm.com\/noticias\/wp-json\/wp\/v2\/categories?post=158707"},{"taxonomy":"post_tag","embeddable":true,"href":"https:\/\/vinasfm.com\/noticias\/wp-json\/wp\/v2\/tags?post=158707"}],"curies":[{"name":"wp","href":"https:\/\/api.w.org\/{rel}","templated":true}]}}