{"id":158700,"date":"2026-03-19T10:07:40","date_gmt":"2026-03-19T13:07:40","guid":{"rendered":"https:\/\/vinasfm.com\/noticias\/?p=158700"},"modified":"2026-03-19T23:32:30","modified_gmt":"2026-03-20T02:32:30","slug":"del-pacifico-al-atlantico-juntos-a-pedal-una-travesia-que-une-esfuerzo-y-solidaridad","status":"publish","type":"post","link":"https:\/\/vinasfm.com\/noticias\/del-pacifico-al-atlantico-juntos-a-pedal-una-travesia-que-une-esfuerzo-y-solidaridad\/","title":{"rendered":"DEL PAC\u00cdFICO AL ATL\u00c1NTICO: JUNTOS A PEDAL, UNA TRAVES\u00cdA QUE UNE ESFUERZO Y SOLIDARIDAD"},"content":{"rendered":"<h4><strong>La iniciativa recorrer\u00e1 unos 1.500 kil\u00f3metros en 11 d\u00edas y busca recaudar fondos para la Asociaci\u00f3n de Ciegos de Mendoza.<\/strong><\/h4>\n<p>Un grupo de ciclistas llevar\u00e1 adelante una exigente traves\u00eda solidaria que unir\u00e1 el oc\u00e9ano Pac\u00edfico con el Atl\u00e1ntico, atravesando la cordillera por el Paso Pehuenche. La iniciativa, que no tiene car\u00e1cter competitivo, apunta a <strong><span style=\"color: #339966;\">visibilizar la discapacidad<\/span><\/strong> y recaudar fondos para la <strong><span style=\"color: #339966;\">Asociaci\u00f3n de Ciegos de Mendoza<\/span><\/strong>.<\/p>\n<p>As\u00ed lo detallaba <strong><span style=\"color: #339966;\">Walter Alvarez<\/span><\/strong>, deportista destacado de nuestro departamento, el objetivo principal ser\u00e1 la resistencia f\u00edsica y, sobre todo, el compromiso social:<em><strong> &#8216;es una movida para poner en valor la discapacidad, para mostrar lo que s\u00ed podemos hacer<\/strong><\/em>&#8216;.<\/p>\n<p>La <strong><span style=\"color: #339966;\">Asociaci\u00f3n de Ciegos<\/span><\/strong> cumple un rol fundamental en la inclusi\u00f3n de personas adultas con discapacidad visual, brindando herramientas como el uso del bast\u00f3n, sistema braille y capacitaci\u00f3n en inform\u00e1tica: <em><strong>&#8216;es el \u00fanico lugar en Mendoza que trabaja con adultos en este sentido, y necesita renovar su sala de computaci\u00f3n y talleres&#8217;<\/strong><\/em>, se\u00f1al\u00f3.<\/p>\n<p><strong><span style=\"color: #339966;\">Walter<\/span> <\/strong>tiene un v\u00ednculo directo con la instituci\u00f3n, all\u00ed se form\u00f3 tras perder la visi\u00f3n y posteriormente se desempe\u00f1\u00f3 como docente: <em><strong>&#8216;es una forma de devolver lo que en su momento recibimos&#8217;<\/strong><\/em>, afirm\u00f3.<\/p>\n<p>El trayecto evitar\u00e1 grandes ciudades por cuestiones de seguridad vial, lo que extender\u00e1 la distancia total.<\/p>\n<p>En territorio mendocino, los ciclistas pasar\u00e1n por el sur provincial durante Semana Santa: se espera su llegada a San Rafael entre jueves y viernes, mientras que el s\u00e1bado al mediod\u00eda arribar\u00e1n a General Alvear.<\/p>\n","protected":false},"excerpt":{"rendered":"<p>La iniciativa recorrer\u00e1 unos 1.500 kil\u00f3metros en 11 d\u00edas y busca recaudar fondos para la Asociaci\u00f3n de Ciegos de Mendoza. Un &#8230;<\/p>\n","protected":false},"author":7,"featured_media":158701,"comment_status":"open","ping_status":"open","sticky":false,"template":"","format":"standard","meta":{"footnotes":""},"categories":[5,10],"tags":[],"class_list":["post-158700","post","type-post","status-publish","format-standard","has-post-thumbnail","hentry","category-actualidad","category-destacadas"],"_links":{"self":[{"href":"https:\/\/vinasfm.com\/noticias\/wp-json\/wp\/v2\/posts\/158700","targetHints":{"allow":["GET"]}}],"collection":[{"href":"https:\/\/vinasfm.com\/noticias\/wp-json\/wp\/v2\/posts"}],"about":[{"href":"https:\/\/vinasfm.com\/noticias\/wp-json\/wp\/v2\/types\/post"}],"author":[{"embeddable":true,"href":"https:\/\/vinasfm.com\/noticias\/wp-json\/wp\/v2\/users\/7"}],"replies":[{"embeddable":true,"href":"https:\/\/vinasfm.com\/noticias\/wp-json\/wp\/v2\/comments?post=158700"}],"version-history":[{"count":2,"href":"https:\/\/vinasfm.com\/noticias\/wp-json\/wp\/v2\/posts\/158700\/revisions"}],"predecessor-version":[{"id":158703,"href":"https:\/\/vinasfm.com\/noticias\/wp-json\/wp\/v2\/posts\/158700\/revisions\/158703"}],"wp:featuredmedia":[{"embeddable":true,"href":"https:\/\/vinasfm.com\/noticias\/wp-json\/wp\/v2\/media\/158701"}],"wp:attachment":[{"href":"https:\/\/vinasfm.com\/noticias\/wp-json\/wp\/v2\/media?parent=158700"}],"wp:term":[{"taxonomy":"category","embeddable":true,"href":"https:\/\/vinasfm.com\/noticias\/wp-json\/wp\/v2\/categories?post=158700"},{"taxonomy":"post_tag","embeddable":true,"href":"https:\/\/vinasfm.com\/noticias\/wp-json\/wp\/v2\/tags?post=158700"}],"curies":[{"name":"wp","href":"https:\/\/api.w.org\/{rel}","templated":true}]}}