{"id":158697,"date":"2026-03-19T09:26:37","date_gmt":"2026-03-19T12:26:37","guid":{"rendered":"https:\/\/vinasfm.com\/noticias\/?p=158697"},"modified":"2026-03-19T12:26:40","modified_gmt":"2026-03-19T15:26:40","slug":"con-una-inversion-de-mas-de-us-10-millones-instalaran-en-mendoza-una-planta-para-la-produccion-y-aplicacion-de-productos-biologicos-y-semioquimicos","status":"publish","type":"post","link":"https:\/\/vinasfm.com\/noticias\/con-una-inversion-de-mas-de-us-10-millones-instalaran-en-mendoza-una-planta-para-la-produccion-y-aplicacion-de-productos-biologicos-y-semioquimicos\/","title":{"rendered":"CON UNA INVERSI\u00d3N DE M\u00c1S DE US$ 10 MILLONES, INSTALAR\u00c1N EN MENDOZA UNA PLANTA PARA LA PRODUCCI\u00d3N Y APLICACI\u00d3N DE PRODUCTOS BIOL\u00d3GICOS Y SEMIOQU\u00cdMICOS"},"content":{"rendered":"<h4 class=\"wp-block-heading\"><strong>As\u00ed se lo confirmaron hoy al Gobernador Alfredo Cornejo los responsables de Ferotec SA, la nueva firma que re\u00fane a la empresa francesa M2I Lifesciences, l\u00edder en la producci\u00f3n de insecticidas, y a la local, Aerotec, con experiencia en pulverizaci\u00f3n a\u00e9rea para el sector agr\u00edcola. Se trata de la concreci\u00f3n del proyecto que el director ejecutivo de la compa\u00f1\u00eda europea, Philippe Guerret, present\u00f3 al mandatario durante su gira internacional en febrero.<\/strong><\/h4>\n<p>La alianza Ferotec SA, que re\u00fane a la empresa francesa M2I Lifesciences, l\u00edder en la producci\u00f3n de insecticidas, y a la local Aerotec, de servicios a\u00e9reos con experiencia en pulverizaci\u00f3n para el sector agr\u00edcola, invertir\u00e1 en Mendoza entre 10 y 15 millones de d\u00f3lares en una planta para la producci\u00f3n y aplicaci\u00f3n de productos biol\u00f3gicos y semioqu\u00edmicos. As\u00ed se lo confirmaron hoy al Gobernador Alfredo Cornejo el director ejecutivo de la compa\u00f1\u00eda europea, Philippe Guerret, y su par de Aerotec, Diego Cardama, durante el encuentro que mantuvieron en la Casa de Gobierno.<\/p>\n<p>La conformaci\u00f3n de esta nueva empresa con capitales extranjeros\u00a0y su apuesta por nuestra provincia naci\u00f3 de una de las giras internacionales que el mandatario mendocino realiz\u00f3 junto a empresarios locales para dar a conocer las ventajas que ofrece Mendoza\u00a0para la inversi\u00f3n extranjera\u00a0y alentar alianzas con el sector privado local.<\/p>\n<p>M2I Lifesciences es una empresa de base qu\u00edmica que produce en Francia a gran escala y abastece a gigantes como BASF, Syngenta y Bayer, firmas que comercializan los productos con sus propias marcas de forma global.<\/p>\n<p>Ahora, con la conformaci\u00f3n de Ferotec SA, \u00a0en alianza con Aerotec \u00a0y con la asistencia del Banco Mundial, construir\u00e1 una planta para la producci\u00f3n y aplicaci\u00f3n de productos que remplazan a los pesticidas en cultivos de vid, frutales, nogales y ma\u00edz para mercados de Am\u00e9rica del Sur, y que generar\u00e1 en Mendoza m\u00e1s de 50 empleos directos.<\/p>\n<p>La iniciativa se enmarca en una estrategia de largo plazo que busca potenciar la innovaci\u00f3n tecnol\u00f3gica aplicada al cuidado de los cultivos y acompa\u00f1ar el desarrollo sostenible del sector agroindustrial.<\/p>\n<p>Durante la reuni\u00f3n, los empresarios expresaron su voluntad de avanzar en un programa de inversiones productivas en la provincia, en base a la exitosa experiencia local en la adopci\u00f3n y producci\u00f3n de biol\u00f3gicos (mosca), y semioqu\u00edmicos (feromonas), sumado a otros factores estrat\u00e9gicos como la ubicaci\u00f3n y conectividad, el liderazgo de Mendoza en vitivinicultura, su diversidad productiva, la calidad de sus recursos humanos, la disponibilidad de materia prima y la articulaci\u00f3n con el sistema cient\u00edfico-tecnol\u00f3gico.<\/p>\n","protected":false},"excerpt":{"rendered":"<p>As\u00ed se lo confirmaron hoy al Gobernador Alfredo Cornejo los responsables de Ferotec SA, la nueva firma que re\u00fane a la &#8230;<\/p>\n","protected":false},"author":7,"featured_media":158698,"comment_status":"open","ping_status":"open","sticky":false,"template":"","format":"standard","meta":{"footnotes":""},"categories":[5,10],"tags":[],"class_list":["post-158697","post","type-post","status-publish","format-standard","has-post-thumbnail","hentry","category-actualidad","category-destacadas"],"_links":{"self":[{"href":"https:\/\/vinasfm.com\/noticias\/wp-json\/wp\/v2\/posts\/158697","targetHints":{"allow":["GET"]}}],"collection":[{"href":"https:\/\/vinasfm.com\/noticias\/wp-json\/wp\/v2\/posts"}],"about":[{"href":"https:\/\/vinasfm.com\/noticias\/wp-json\/wp\/v2\/types\/post"}],"author":[{"embeddable":true,"href":"https:\/\/vinasfm.com\/noticias\/wp-json\/wp\/v2\/users\/7"}],"replies":[{"embeddable":true,"href":"https:\/\/vinasfm.com\/noticias\/wp-json\/wp\/v2\/comments?post=158697"}],"version-history":[{"count":1,"href":"https:\/\/vinasfm.com\/noticias\/wp-json\/wp\/v2\/posts\/158697\/revisions"}],"predecessor-version":[{"id":158699,"href":"https:\/\/vinasfm.com\/noticias\/wp-json\/wp\/v2\/posts\/158697\/revisions\/158699"}],"wp:featuredmedia":[{"embeddable":true,"href":"https:\/\/vinasfm.com\/noticias\/wp-json\/wp\/v2\/media\/158698"}],"wp:attachment":[{"href":"https:\/\/vinasfm.com\/noticias\/wp-json\/wp\/v2\/media?parent=158697"}],"wp:term":[{"taxonomy":"category","embeddable":true,"href":"https:\/\/vinasfm.com\/noticias\/wp-json\/wp\/v2\/categories?post=158697"},{"taxonomy":"post_tag","embeddable":true,"href":"https:\/\/vinasfm.com\/noticias\/wp-json\/wp\/v2\/tags?post=158697"}],"curies":[{"name":"wp","href":"https:\/\/api.w.org\/{rel}","templated":true}]}}