{"id":158692,"date":"2026-03-19T09:15:37","date_gmt":"2026-03-19T12:15:37","guid":{"rendered":"https:\/\/vinasfm.com\/noticias\/?p=158692"},"modified":"2026-03-19T11:04:26","modified_gmt":"2026-03-19T14:04:26","slug":"alejandro-molero-brindo-su-discurso-en-el-acto-de-aperturas-de-sesiones-ordinarias","status":"publish","type":"post","link":"https:\/\/vinasfm.com\/noticias\/alejandro-molero-brindo-su-discurso-en-el-acto-de-aperturas-de-sesiones-ordinarias\/","title":{"rendered":"ALEJANDRO MOLERO BRIND\u00d3 SU DISCURSO EN EL ACTO DE APERTURAS DE SESIONES ORDINARIAS"},"content":{"rendered":"<h4><strong>El Intendente Alejandro Molero brind\u00f3 el balance de gesti\u00f3n correspondiente al \u00faltimo a\u00f1o y present\u00f3 los proyectos previstos para continuar impulsando el crecimiento y el desarrollo de todo el departamento.<\/strong><\/h4>\n<p>Se\u00f1al\u00f3 <em><strong>que pese a la mejora en los indicadores macroecon\u00f3micos, el impacto en la econom\u00eda cotidiana a\u00fan no se refleja, <\/strong><\/em>apuntan a sostener la producci\u00f3n local y proyectan una diversificaci\u00f3n productiva con fuerte perfil exportador.<\/p>\n<p>En ese sentido, se\u00f1alaron que existe un escenario alentador en t\u00e9rminos de estabilidad y proyecci\u00f3n internacional: <em><strong>&#8216;el impacto de estas variables todav\u00eda no llega a la vida cotidiana de los ciudadanos, por lo que se anticipa un a\u00f1o complejo para la actividad econ\u00f3mica&#8217;<\/strong><\/em>.<\/p>\n<p>Frente a este contexto, destac\u00f3 la implementaci\u00f3n de medidas de ajuste y ordenamiento interno, orientadas a garantizar la sostenibilidad de las cuentas p\u00fablicas. Entre ellas la <span style=\"color: #333399;\"><strong>reducci\u00f3n de contratos<\/strong><\/span>, el <span style=\"color: #333399;\"><strong>congelamiento salarial de funcionarios<\/strong><\/span>,<span style=\"color: #333399;\"><strong> disminuci\u00f3n de gastos operativos<\/strong><\/span> y <strong><span style=\"color: #333399;\">optimizaci\u00f3n de recursos<\/span><\/strong>, incluyendo <span style=\"color: #000000;\">reducci\u00f3n de alquileres<\/span> y el uso de veh\u00edculos particulares por parte del personal.<\/p>\n<p>No obstante, advirti\u00f3 en su discurso sobre una<span style=\"color: #333399;\"><em><strong> fuerte ca\u00edda en los ingresos por coparticipaci\u00f3n<\/strong><strong> federal<\/strong><\/em><\/span>, lo que agrava la situaci\u00f3n financiera local: <em><strong>&#8216;a ello se suma un bajo nivel de recaudaci\u00f3n propia, dado que solo un porcentaje reducido de los contribuyentes cumple con el pago de tasas municipales, lo que limita la capacidad del Estado para sostener servicios esenciales&#8217;<\/strong><\/em>.<\/p>\n<p><em><strong>&#8216;Es importante acompa\u00f1ar a los sectores productivos, comerciales y a las peque\u00f1as y medianas empresas durante este \u201ca\u00f1o bisagra\u201d, con pol\u00edticas que permitan sostener la actividad y evitar un deterioro mayor del entramado econ\u00f3mico local&#8217;<\/strong><\/em>.<\/p>\n<p>En cuanto al <strong><span style=\"color: #333399;\">desarrollo productivo<\/span><\/strong>, se destac\u00f3 que General Alvear cuenta con una oportunidad estrat\u00e9gica para diversificar su matriz econ\u00f3mica. En lugar de apostar exclusivamente a sectores tradicionales, se impulsa una ampliaci\u00f3n hacia nuevas producciones, como el forraje especialmente la alfalfa, con potencial de exportaci\u00f3n a mercados internacionales como pa\u00edses \u00e1rabes, Brasil y Europa.<\/p>\n<p>Asimismo, se subray\u00f3 la necesidad de <strong><span style=\"color: #333399;\">tecnificar el sector agropecuario<\/span><\/strong>,<strong><span style=\"color: #333399;\"> fortaleciendo actividades<\/span><\/strong> como la <strong><span style=\"color: #333399;\">ganader\u00eda<\/span><\/strong>, <strong><span style=\"color: #333399;\">horticultura<\/span><\/strong> y <strong><span style=\"color: #333399;\">producci\u00f3n de granos<\/span><\/strong>, con el objetivo de incrementar la productividad y agregar valor a la producci\u00f3n local.<\/p>\n<p>Por otra parte, se alert\u00f3 sobre la situaci\u00f3n de la vitivinicultura que enfrenta un escenario adverso debido a la ca\u00edda en el consumo mundial de vino: <em><strong>&#8216;esta situaci\u00f3n genera un excedente de stock y configura un cuello de botella para el sector, que requerir\u00e1 de medidas innovadoras para su recuperaci\u00f3n&#8217;<\/strong><\/em>.<\/p>\n<p>Respecto al futuro agreg\u00f3: <em><strong>&#8216;si se logra atravesar este per\u00edodo con unidad y estrategias adecuadas el departamento podr\u00eda ingresar en una etapa de crecimiento sostenido a partir de 2027&#8217;<\/strong><\/em>.<\/p>\n<p>&nbsp;<\/p>\n<p>&nbsp;<\/p>\n","protected":false},"excerpt":{"rendered":"<p>El Intendente Alejandro Molero brind\u00f3 el balance de gesti\u00f3n correspondiente al \u00faltimo a\u00f1o y present\u00f3 los proyectos previstos para continuar impulsando &#8230;<\/p>\n","protected":false},"author":7,"featured_media":158693,"comment_status":"open","ping_status":"open","sticky":false,"template":"","format":"standard","meta":{"footnotes":""},"categories":[5,7],"tags":[],"class_list":["post-158692","post","type-post","status-publish","format-standard","has-post-thumbnail","hentry","category-actualidad","category-politica"],"_links":{"self":[{"href":"https:\/\/vinasfm.com\/noticias\/wp-json\/wp\/v2\/posts\/158692","targetHints":{"allow":["GET"]}}],"collection":[{"href":"https:\/\/vinasfm.com\/noticias\/wp-json\/wp\/v2\/posts"}],"about":[{"href":"https:\/\/vinasfm.com\/noticias\/wp-json\/wp\/v2\/types\/post"}],"author":[{"embeddable":true,"href":"https:\/\/vinasfm.com\/noticias\/wp-json\/wp\/v2\/users\/7"}],"replies":[{"embeddable":true,"href":"https:\/\/vinasfm.com\/noticias\/wp-json\/wp\/v2\/comments?post=158692"}],"version-history":[{"count":1,"href":"https:\/\/vinasfm.com\/noticias\/wp-json\/wp\/v2\/posts\/158692\/revisions"}],"predecessor-version":[{"id":158694,"href":"https:\/\/vinasfm.com\/noticias\/wp-json\/wp\/v2\/posts\/158692\/revisions\/158694"}],"wp:featuredmedia":[{"embeddable":true,"href":"https:\/\/vinasfm.com\/noticias\/wp-json\/wp\/v2\/media\/158693"}],"wp:attachment":[{"href":"https:\/\/vinasfm.com\/noticias\/wp-json\/wp\/v2\/media?parent=158692"}],"wp:term":[{"taxonomy":"category","embeddable":true,"href":"https:\/\/vinasfm.com\/noticias\/wp-json\/wp\/v2\/categories?post=158692"},{"taxonomy":"post_tag","embeddable":true,"href":"https:\/\/vinasfm.com\/noticias\/wp-json\/wp\/v2\/tags?post=158692"}],"curies":[{"name":"wp","href":"https:\/\/api.w.org\/{rel}","templated":true}]}}